{"id":508368,"date":"2017-11-06T19:07:15","date_gmt":"2017-11-07T01:07:15","guid":{"rendered":"https:\/\/www.futboltotal.com.mx\/?p=508368"},"modified":"2017-11-06T19:07:15","modified_gmt":"2017-11-07T01:07:15","slug":"david-moyes-nuevo-dt-west-ham-chicharito","status":"publish","type":"post","link":"http:\/\/desarrollo.grupomedios.com\/futbol\/futbol-internacional\/david-moyes-nuevo-dt-west-ham-chicharito\/2017\/11","title":{"rendered":"David Moyes ser\u00eda nuevo DT de West Ham y Chicharito"},"content":{"rendered":"<p>POR: STAFF FT<\/p>\n<p>El <strong>West Ham United<\/strong> de<strong> Javier &#8216;Chicharito&#8217; Hern\u00e1ndez<\/strong> ya tendr\u00eda en la mira al sustituto de Slaven Bilic y ser\u00eda el\u00a0ex t\u00e9cnico del <strong>Manchester United<\/strong> y de la <strong>Real Sociedad<\/strong>,\u00a0<strong>David Moyes<\/strong>, quien en mayo dej\u00f3 de ser el estratega del <strong>Sunderland<\/strong> en mayo pasado.<\/p>\n<p>Apenas hace unas semanas, el propio Moyes declaraba para la BBC Radio 5 que le interesaba dirigir a la selecci\u00f3n de su pa\u00eds, <strong>Escocia<\/strong> pero su prioridad era volver a tomar alg\u00fan club.<\/p>\n<p>&#8220;No creo que alguien rechace una oportunidad en la selecci\u00f3n nacional, pero tiene que ser en el momento preciso. &#8220;<strong>Mi primera opci\u00f3n es dirigir un club<\/strong>, pero si Escocia quiere hablar en alg\u00fan momento, estar\u00e9 feliz de ayudar o hablar con ellos y escuchar lo que tienen para decir&#8221;.<\/p>\n<p style=\"text-align: center;\"><a href=\"https:\/\/www.futboltotal.com.mx\/futbol-mexicano\/liga-mx\/chivas-desea-a-dos-futbolistas-santos-laguna\/2017\/11\" target=\"_blank\" rel=\"noopener\">VER M\u00c1S: Chivas desea a dos futbolistas de Santos Laguna<\/a><\/p>\n<p>La carrera del estratega ha venido en picada desde su salida del <strong>Everton<\/strong>, cuando pas\u00f3 al <strong>Manchester United<\/strong> por seis temporadas y no logr\u00f3 ni siquiera terminar una de ellas. Posteriormente lleg\u00f3 a la Real Sociedad, equipo con el que logr\u00f3 durar un a\u00f1o, no as\u00ed una temporada completa y para este verano regres\u00f3 a Inglaterra con el Sunderland, con un saldo catastr\u00f3fico.<\/p>\n<p><strong>Chicharito vivi\u00f3 su peor temporada bajo su mando<\/strong><\/p>\n<p>En la temporada 2013-2014 el mexicano registr\u00f3 su peor temporada con el Manchester United y estuvo bajo el mando del escoc\u00e9s, adem\u00e1s que se hablaba de una mala relaci\u00f3n entre ambos y que el mexicano ser\u00eda uno de los se\u00f1alados para dejar el club por parte del estratega.<\/p>\n<p>Tuvo sus peores n\u00fameros, tuvo apenas <strong>24 partidos en la temporada, solo 5 como titular y anot\u00f3 apenas 4 anotaciones<\/strong>, para el final de esa temporada, el mexicano dejar\u00eda a los<strong> Red Devils<\/strong> para llegar al Real Madrid. Por su parte, Moyes tampoco termin\u00f3 la temporada con el cuadro de la <strong>Premier League<\/strong>.<\/p>\n<p style=\"text-align: center;\"><a href=\"https:\/\/www.futboltotal.com.mx\/futbol-mexicano\/liga-mx\/erick-gutierrez-dejara-pachuca-por-psv-eindhoven-en-mayo\/2017\/11\" target=\"_blank\" rel=\"noopener\">VER M\u00c1S: PSV Eindhoven se llevar\u00e1 a otro futbolista de Pachuca<\/a><\/p>\n<p>&nbsp;<\/p>\n","protected":false},"excerpt":{"rendered":"<p>El mexicano no tuvo una buena experiencia con el escoc\u00e9s en el Manchester United<\/p>\n","protected":false},"author":159,"featured_media":508369,"comment_status":"closed","ping_status":"closed","sticky":false,"template":"","format":"standard","meta":[],"categories":[3839,3846],"tags":[120,5985,4037,43,3901],"_links":{"self":[{"href":"http:\/\/desarrollo.grupomedios.com\/futbol\/wp-json\/wp\/v2\/posts\/508368"}],"collection":[{"href":"http:\/\/desarrollo.grupomedios.com\/futbol\/wp-json\/wp\/v2\/posts"}],"about":[{"href":"http:\/\/desarrollo.grupomedios.com\/futbol\/wp-json\/wp\/v2\/types\/post"}],"author":[{"embeddable":true,"href":"http:\/\/desarrollo.grupomedios.com\/futbol\/wp-json\/wp\/v2\/users\/159"}],"replies":[{"embeddable":true,"href":"http:\/\/desarrollo.grupomedios.com\/futbol\/wp-json\/wp\/v2\/comments?post=508368"}],"version-history":[{"count":1,"href":"http:\/\/desarrollo.grupomedios.com\/futbol\/wp-json\/wp\/v2\/posts\/508368\/revisions"}],"predecessor-version":[{"id":508370,"href":"http:\/\/desarrollo.grupomedios.com\/futbol\/wp-json\/wp\/v2\/posts\/508368\/revisions\/508370"}],"wp:featuredmedia":[{"embeddable":true,"href":"http:\/\/desarrollo.grupomedios.com\/futbol\/wp-json\/wp\/v2\/media\/508369"}],"wp:attachment":[{"href":"http:\/\/desarrollo.grupomedios.com\/futbol\/wp-json\/wp\/v2\/media?parent=508368"}],"wp:term":[{"taxonomy":"category","embeddable":true,"href":"http:\/\/desarrollo.grupomedios.com\/futbol\/wp-json\/wp\/v2\/categories?post=508368"},{"taxonomy":"post_tag","embeddable":true,"href":"http:\/\/desarrollo.grupomedios.com\/futbol\/wp-json\/wp\/v2\/tags?post=508368"}],"curies":[{"name":"wp","href":"https:\/\/api.w.org\/{rel}","templated":true}]}}