{"id":508384,"date":"2017-11-07T07:31:46","date_gmt":"2017-11-07T13:31:46","guid":{"rendered":"https:\/\/www.futboltotal.com.mx\/?p=508384"},"modified":"2017-11-07T07:31:46","modified_gmt":"2017-11-07T13:31:46","slug":"west-ham-oficializa-la-llegada-david-moyes-reencontrara-chicharito","status":"publish","type":"post","link":"http:\/\/desarrollo.grupomedios.com\/futbol\/destacado-home\/west-ham-oficializa-la-llegada-david-moyes-reencontrara-chicharito\/2017\/11","title":{"rendered":"West Ham oficializa llegada de David Moyes y se reencontrar\u00e1 con Chicharito"},"content":{"rendered":"<p>El club ingl\u00e9s <strong>West Ham United<\/strong> nombr\u00f3 a <strong>David Moyes<\/strong> como su nuevo entrenador en sustituci\u00f3n de <strong>Slaven Bilic<\/strong>, destituido el lunes tras <span style=\"color: #3366ff;\"><a href=\"https:\/\/www.futboltotal.com.mx\/destacado-home\/west-ham-1-liverpool-4-premier-league-resumen\/2017\/11\">la derrota del equipo el s\u00e1bado frente al Liverpool <\/a><\/span>el s\u00e1bado, inform\u00f3 hoy la instituci\u00f3n deportiva.<\/p>\n<p>El club no ha desvelado la extensi\u00f3n del contrato de Moyes, pero ha resaltado su experiencia tras haber sido entrenador de los equipos ingleses <strong>Everton<\/strong> y <strong>Manchester United<\/strong>.<\/p>\n<p>En un comunicado divulgado hoy, <strong>David Sullivan<\/strong>, co-presidente del club junto con <strong>David Gold<\/strong>, dijo que esta es la primera vez en casi ocho a\u00f1os que el West Ham nombra a un nuevo entrenador durante la temporada de la liga inglesa.<\/p>\n<p style=\"text-align: center;\"><span style=\"color: #3366ff;\"><a href=\"https:\/\/www.futboltotal.com.mx\/futbol-mexicano\/liga-mx\/pumas-ya-tiene-en-la-mira-a-delantero-uruguayo\/2017\/11\">VER M\u00c1S: Pumas ya tiene en la mira a un delantero uruguayo<\/a><\/span><\/p>\n<blockquote class=\"twitter-tweet\" data-width=\"500\">\n<p lang=\"es\" dir=\"ltr\">\u00a1Ya tenemos nuevo t\u00e9cnico!\u2692\u2692\u2692  <a href=\"https:\/\/t.co\/RZyQYwzFoG\">https:\/\/t.co\/RZyQYwzFoG<\/a><\/p>\n<p>&mdash; WestHamEspa\u00f1ol (@WestHamEspanol) <a href=\"https:\/\/twitter.com\/WestHamEspanol\/status\/927861443239776256?ref_src=twsrc%5Etfw\">November 7, 2017<\/a><\/p><\/blockquote>\n<p><script async src=\"https:\/\/platform.twitter.com\/widgets.js\" charset=\"utf-8\"><\/script><\/p>\n<p>&#8220;Necesitamos a alguien con experiencia, con el conocimiento de la Premier y los jugadores, y creemos que David es la persona adecuada para cambiar las cosas y sacar lo mejor de jugadores en el club&#8221;, subraya la nota de Sullivan.<\/p>\n<p>&#8220;Es muy valorado y respetado dentro del deporte y traer\u00e1 ideas nuevas, organizaci\u00f3n y entusiasmo&#8221;, a\u00f1adi\u00f3.<\/p>\n<p>El West Ham comunic\u00f3 ayer el despido de Bilic despu\u00e9s de haber sido contratado en junio de 2015 por un periodo de tres a\u00f1os. EFE<\/p>\n","protected":false},"excerpt":{"rendered":"<p>El mexicano se reencontrar\u00e1 con su ex t\u00e9cnico del Manchester United.<\/p>\n","protected":false},"author":129,"featured_media":508387,"comment_status":"closed","ping_status":"closed","sticky":false,"template":"","format":"standard","meta":[],"categories":[5,3839,3846],"tags":[549,4037,6214,334,1743],"_links":{"self":[{"href":"http:\/\/desarrollo.grupomedios.com\/futbol\/wp-json\/wp\/v2\/posts\/508384"}],"collection":[{"href":"http:\/\/desarrollo.grupomedios.com\/futbol\/wp-json\/wp\/v2\/posts"}],"about":[{"href":"http:\/\/desarrollo.grupomedios.com\/futbol\/wp-json\/wp\/v2\/types\/post"}],"author":[{"embeddable":true,"href":"http:\/\/desarrollo.grupomedios.com\/futbol\/wp-json\/wp\/v2\/users\/129"}],"replies":[{"embeddable":true,"href":"http:\/\/desarrollo.grupomedios.com\/futbol\/wp-json\/wp\/v2\/comments?post=508384"}],"version-history":[{"count":2,"href":"http:\/\/desarrollo.grupomedios.com\/futbol\/wp-json\/wp\/v2\/posts\/508384\/revisions"}],"predecessor-version":[{"id":508389,"href":"http:\/\/desarrollo.grupomedios.com\/futbol\/wp-json\/wp\/v2\/posts\/508384\/revisions\/508389"}],"wp:featuredmedia":[{"embeddable":true,"href":"http:\/\/desarrollo.grupomedios.com\/futbol\/wp-json\/wp\/v2\/media\/508387"}],"wp:attachment":[{"href":"http:\/\/desarrollo.grupomedios.com\/futbol\/wp-json\/wp\/v2\/media?parent=508384"}],"wp:term":[{"taxonomy":"category","embeddable":true,"href":"http:\/\/desarrollo.grupomedios.com\/futbol\/wp-json\/wp\/v2\/categories?post=508384"},{"taxonomy":"post_tag","embeddable":true,"href":"http:\/\/desarrollo.grupomedios.com\/futbol\/wp-json\/wp\/v2\/tags?post=508384"}],"curies":[{"name":"wp","href":"https:\/\/api.w.org\/{rel}","templated":true}]}}