{"id":508390,"date":"2017-11-07T07:48:37","date_gmt":"2017-11-07T13:48:37","guid":{"rendered":"https:\/\/www.futboltotal.com.mx\/?p=508390"},"modified":"2017-11-07T07:48:37","modified_gmt":"2017-11-07T13:48:37","slug":"juan-carlos-osorio-destaca-potencial-ofensivo-belgica","status":"publish","type":"post","link":"http:\/\/desarrollo.grupomedios.com\/futbol\/futbol-mexicano\/juan-carlos-osorio-destaca-potencial-ofensivo-belgica\/2017\/11","title":{"rendered":"Juan Carlos Osorio destaca potencial ofensivo de B\u00e9lgica"},"content":{"rendered":"<p>El colombiano <strong>Juan Carlos Osorio<\/strong>, t\u00e9cnico de la<strong> selecci\u00f3n mexicana<\/strong>, destac\u00f3 a algunos integrantes de la ofensiva de <strong>B\u00e9lgica<\/strong>, selecci\u00f3n a la que enfrentar\u00e1 el viernes en<strong> Bruselas<\/strong>.<\/p>\n<p>Osorio destac\u00f3 a <strong>Romelu Lukaku<\/strong>, <strong>Eden Hazard<\/strong>, <strong>Kevin de Bruyne<\/strong> y <strong>Dries Mertens<\/strong>.<\/p>\n<p>&#8220;(B\u00e9lgica tiene) adelante a Lukaku, Hazard, De Bruyne y Mertens, es un equipo que va a tener un ataque poderoso y a ellos nos vamos a enfrentar con la mejor versi\u00f3n nuestra de un equipo que pueda competir por la posesi\u00f3n del bal\u00f3n&#8221;, expres\u00f3 Osorio.<\/p>\n<p style=\"text-align: center;\"><span style=\"color: #3366ff;\"><a href=\"https:\/\/www.futboltotal.com.mx\/futbol-internacional\/siempre-quise-fichar-a-chicharito-dt-belgica-roberto-martinez\/2017\/11\">VER M\u00c1S: Siempre quise fichar a Chicharito: DT de B\u00e9lgica<\/a><\/span><\/p>\n<p>El colombiano destac\u00f3 el trabajo del t\u00e9cnico espa\u00f1ol <strong>Roberto Mart\u00ednez<\/strong> con B\u00e9lgica y elogi\u00f3 la nueva estructura con tres defensores centrales, dos volantes laterales sin perder la caracter\u00edstica ofensiva de siempre.<\/p>\n<p>En el caso de <strong>Polonia<\/strong>, Osorio dijo que &#8220;b\u00e1sicamente es un f\u00fatbol muy directo, tenemos que estar muy bien preparados para contenerlos y en jugadas a bal\u00f3n parado igualmente&#8221;.<\/p>\n<p>El seleccionador consider\u00f3 que ambos partidos ser\u00e1n &#8220;una gran oportunidad para el f\u00fatbol mexicano de competir con dos selecciones de alt\u00edsimo nivel y ser\u00e1n una prueba muy importante para nosotros&#8221;.<\/p>\n<p>Record\u00f3 que esta corta excursi\u00f3n por Europa &#8220;forma parte de la petici\u00f3n que le hizo a los directivos de la <strong>Femexfut<\/strong>.<\/p>\n<p style=\"text-align: center;\"><span style=\"color: #3366ff;\"><a href=\"https:\/\/www.futboltotal.com.mx\/futbol-mexicano\/seleccion-mexicana\/osorio-pondra-a-la-mejor-version-del-tri-ante-belgica\/2017\/11\">VER M\u00c1S: Osorio pondr\u00e1 a la mejor versi\u00f3n del TRI ante B\u00e9lgica<\/a><\/span><\/p>\n<p>&#8220;Hace no mucho tiempo mencione que el objetivo era tener entre 8 o 10 partidos de alto nivel y estos dos juegos van a ser importantes para todos&#8221;, apunt\u00f3.<\/p>\n<p>Sobre una posible oportunidad de participar en los partidos de<strong> Omar Gove<\/strong>a, del <strong>Royal Excel Mouscron<\/strong> belga, y <strong>Uriel Antuna<\/strong>, quien juega para el <strong>Groningen<\/strong> de la <strong>Eredivisie<\/strong> de <strong>Holanda<\/strong>, Osorio dijo que convoc\u00f3 a los 24 jugadores &#8220;que han estado con mayor frecuencia en las convocatorias y aprovechamos para ver a Omar y a Uriel, ser\u00e1 una buena oportunidad de familiarizarnos con ellos, de entrenarlos y de compartir con ellos&#8221;.<\/p>\n<p>M\u00e9xico enfrentar\u00e1 a B\u00e9lgica el 10 de noviembre en Bruselas y a Polonia tres d\u00edas despu\u00e9s en <strong>Gdansk<\/strong>. EFE<\/p>\n","protected":false},"excerpt":{"rendered":"<p>El DT del TRI destac\u00f3 a Romelu Lukaku, Eden Hazard, Kevin de Bruyne y Dries Mertens.<\/p>\n","protected":false},"author":129,"featured_media":504285,"comment_status":"closed","ping_status":"closed","sticky":false,"template":"","format":"standard","meta":[],"categories":[2198,3845,3847],"tags":[599,11069,10316,6058,6196,5679,65,5321],"_links":{"self":[{"href":"http:\/\/desarrollo.grupomedios.com\/futbol\/wp-json\/wp\/v2\/posts\/508390"}],"collection":[{"href":"http:\/\/desarrollo.grupomedios.com\/futbol\/wp-json\/wp\/v2\/posts"}],"about":[{"href":"http:\/\/desarrollo.grupomedios.com\/futbol\/wp-json\/wp\/v2\/types\/post"}],"author":[{"embeddable":true,"href":"http:\/\/desarrollo.grupomedios.com\/futbol\/wp-json\/wp\/v2\/users\/129"}],"replies":[{"embeddable":true,"href":"http:\/\/desarrollo.grupomedios.com\/futbol\/wp-json\/wp\/v2\/comments?post=508390"}],"version-history":[{"count":1,"href":"http:\/\/desarrollo.grupomedios.com\/futbol\/wp-json\/wp\/v2\/posts\/508390\/revisions"}],"predecessor-version":[{"id":508391,"href":"http:\/\/desarrollo.grupomedios.com\/futbol\/wp-json\/wp\/v2\/posts\/508390\/revisions\/508391"}],"wp:featuredmedia":[{"embeddable":true,"href":"http:\/\/desarrollo.grupomedios.com\/futbol\/wp-json\/wp\/v2\/media\/504285"}],"wp:attachment":[{"href":"http:\/\/desarrollo.grupomedios.com\/futbol\/wp-json\/wp\/v2\/media?parent=508390"}],"wp:term":[{"taxonomy":"category","embeddable":true,"href":"http:\/\/desarrollo.grupomedios.com\/futbol\/wp-json\/wp\/v2\/categories?post=508390"},{"taxonomy":"post_tag","embeddable":true,"href":"http:\/\/desarrollo.grupomedios.com\/futbol\/wp-json\/wp\/v2\/tags?post=508390"}],"curies":[{"name":"wp","href":"https:\/\/api.w.org\/{rel}","templated":true}]}}