{"id":508401,"date":"2017-11-07T09:05:16","date_gmt":"2017-11-07T15:05:16","guid":{"rendered":"https:\/\/www.futboltotal.com.mx\/?p=508401"},"modified":"2017-11-07T10:15:58","modified_gmt":"2017-11-07T16:15:58","slug":"falcao-fue-ofrecido-a-tigres-gignac","status":"publish","type":"post","link":"http:\/\/desarrollo.grupomedios.com\/futbol\/futbol-mexicano\/falcao-fue-ofrecido-a-tigres-gignac\/2017\/11","title":{"rendered":"Radamel Falcao fue ofrecido a Tigres antes que Gignac"},"content":{"rendered":"<p>El delantero colombiano <strong>Radamel Falcao<\/strong>, fue ofrecido a los <strong>Tigres<\/strong> antes de que se diera la contrataci\u00f3n del franc\u00e9s <strong>Andr\u00e9-Pierre Gignac<\/strong> para el torneo de <strong>Apertura 2015.<\/strong><\/p>\n<p>Fue el Presidente del equipo felino, <strong>Alejandro Rodr\u00edguez<\/strong>, quien confes\u00f3 en una entrevista con <em>Televisa Deportes<\/em> que el atacante del <strong>M\u00f3naco<\/strong> fue ofrecido al equipo de la <strong>Liga MX<\/strong>, pero era muy dif\u00edcil traerlo.<\/p>\n<p style=\"text-align: center;\"><span style=\"color: #3366ff;\"><a href=\"https:\/\/www.futboltotal.com.mx\/futbol-mexicano\/copa-mx\/miguel-herrera-revela-fecha-la-final-la-copa-mx\/2017\/11\">VER M\u00c1S: Miguel Herrera revela fecha de la Final de la Copa MX<\/a><\/span><\/p>\n<p>&#8220;En nuestro primer partido ante <strong>River Plate<\/strong> en <strong>Buenos Aires<\/strong> busc\u00e1bamos un delantero y nos dieron la posibilidad de Falcao. L\u00f3gicamente nos interesamos pero era muy dif\u00edcil que viniera ya que \u00e9l no ten\u00eda deseos de dejar el futbol europeo y quer\u00eda recuperarse al 100 por ciento de su lesi\u00f3n all\u00e1&#8221;, coment\u00f3 el <em>Inge<\/em>.<\/p>\n<p>Tras el descarte del <em>Tigre, <\/em>sali\u00f3 la posibilidad de Gignac y el\u00a0directivo de los felino cont\u00f3 c\u00f3mo fue que se dio la contrataci\u00f3n del franc\u00e9s, quien les fue ofrecido luego de que el delantero franc\u00e9s buscaba salir del <strong>Olympique de Marsella<\/strong>.<\/p>\n<p>&#8220;Nos ofrecieron a Andr\u00e9 porque \u00e9l no quer\u00eda jugar ni en Alemania, Espa\u00f1a e Inglaterra. Entonces uno de nuestros agentes le ofreci\u00f3 M\u00e9xico a su representante y de ah\u00ed fuimos enamor\u00e1ndolo mostr\u00e1ndole el pa\u00eds, la universidad y lo que era Tigres. Fue la negociaci\u00f3n m\u00e1s larga que he tenido, casi toda una madrugada&#8221;, coment\u00f3.<\/p>\n<p style=\"text-align: center;\"><span style=\"color: #3366ff;\"><a href=\"https:\/\/www.futboltotal.com.mx\/futbol-internacional\/liga-de-inglaterra\/west-ham-oficializa-la-llegada-david-moyes-reencontrara-chicharito\/2017\/11\">VER M\u00c1S: West Ham oficializa llegada de David Moyes y se reencontrar\u00e1 con Chicharito<\/a><\/span><\/p>\n","protected":false},"excerpt":{"rendered":"<p>El colombiano era opci\u00f3n pero ten\u00eda deseo de seguir en Europa.<\/p>\n","protected":false},"author":129,"featured_media":508403,"comment_status":"closed","ping_status":"closed","sticky":false,"template":"","format":"standard","meta":[],"categories":[2198,3845],"tags":[5564,3883,64,6093,7469,652,5973],"_links":{"self":[{"href":"http:\/\/desarrollo.grupomedios.com\/futbol\/wp-json\/wp\/v2\/posts\/508401"}],"collection":[{"href":"http:\/\/desarrollo.grupomedios.com\/futbol\/wp-json\/wp\/v2\/posts"}],"about":[{"href":"http:\/\/desarrollo.grupomedios.com\/futbol\/wp-json\/wp\/v2\/types\/post"}],"author":[{"embeddable":true,"href":"http:\/\/desarrollo.grupomedios.com\/futbol\/wp-json\/wp\/v2\/users\/129"}],"replies":[{"embeddable":true,"href":"http:\/\/desarrollo.grupomedios.com\/futbol\/wp-json\/wp\/v2\/comments?post=508401"}],"version-history":[{"count":2,"href":"http:\/\/desarrollo.grupomedios.com\/futbol\/wp-json\/wp\/v2\/posts\/508401\/revisions"}],"predecessor-version":[{"id":508413,"href":"http:\/\/desarrollo.grupomedios.com\/futbol\/wp-json\/wp\/v2\/posts\/508401\/revisions\/508413"}],"wp:featuredmedia":[{"embeddable":true,"href":"http:\/\/desarrollo.grupomedios.com\/futbol\/wp-json\/wp\/v2\/media\/508403"}],"wp:attachment":[{"href":"http:\/\/desarrollo.grupomedios.com\/futbol\/wp-json\/wp\/v2\/media?parent=508401"}],"wp:term":[{"taxonomy":"category","embeddable":true,"href":"http:\/\/desarrollo.grupomedios.com\/futbol\/wp-json\/wp\/v2\/categories?post=508401"},{"taxonomy":"post_tag","embeddable":true,"href":"http:\/\/desarrollo.grupomedios.com\/futbol\/wp-json\/wp\/v2\/tags?post=508401"}],"curies":[{"name":"wp","href":"https:\/\/api.w.org\/{rel}","templated":true}]}}