{"id":508411,"date":"2017-11-07T10:21:41","date_gmt":"2017-11-07T16:21:41","guid":{"rendered":"https:\/\/www.futboltotal.com.mx\/?p=508411"},"modified":"2017-11-07T10:21:41","modified_gmt":"2017-11-07T16:21:41","slug":"en-italia-confian-en-poder-vencer-a-suecia-llegar-al-mundial","status":"publish","type":"post","link":"http:\/\/desarrollo.grupomedios.com\/futbol\/futbol-internacional\/en-italia-confian-en-poder-vencer-a-suecia-llegar-al-mundial\/2017\/11","title":{"rendered":"En Italia conf\u00edan en poder vencer a Suecia para llegar al Mundial"},"content":{"rendered":"<p>El internacional italiano <strong>Alessandro Florenzi<\/strong> consider\u00f3 hoy que la <strong>selecci\u00f3n azzurra<\/strong> da su &#8220;mejor versi\u00f3n en los momentos de dificultad&#8221;, al comentar la repesca que su equipo jugar\u00e1 contra Suecia para sellar el pase al <strong>Mundial de Rusia 2018<\/strong>.<\/p>\n<p>Florenzi dijo adem\u00e1s que est\u00e1 &#8220;dispuesto a morir en el campo&#8221; para poder disputar la pr\u00f3xima <strong>Copa del Mundo<\/strong>, en una rueda de prensa organizada en el centro t\u00e9cnico de <strong>Coverciano<\/strong> (Florencia, centro), donde <strong>Italia<\/strong> est\u00e1 preparando el cruce con Suecia.<\/p>\n<p style=\"text-align: center;\"><span style=\"color: #3366ff;\"><a href=\"https:\/\/www.futboltotal.com.mx\/futbol-mexicano\/liga-mx\/falcao-fue-ofrecido-a-tigres-gignac\/2017\/11\">VER M\u00c1S: Radamel Falcao fue ofrecido a Tigres antes que Gignac<\/a><\/span><\/p>\n<p>&#8220;Estamos seguros de que jugaremos un gran partido. No ser\u00e1 f\u00e1cil, pero tenemos un gran grupo y nuestras victorias se basan en esto. Adem\u00e1s damos nuestra mejor versi\u00f3n en los momentos de dificultad&#8221;, declar\u00f3 el lateral derecho del Roma.<\/p>\n<p>Esta repesca tiene particular importancia para Florenzi, que tras quedarse fuera de la lista de la selecci\u00f3n italiana para el anterior Mundial brasile\u00f1o por decisi\u00f3n t\u00e9cnica del entonces entrenador <strong>Cesare Prandelli<\/strong>, quiere darlo todo para estar en el pr\u00f3ximo.<\/p>\n<p>&#8220;Todos nosotros so\u00f1amos con jugar un Mundial en nuestra vida. Yo no lo logr\u00e9 en 2014, pero estoy dispuesto a morir en el campo para jugar el de 2018&#8221;, declar\u00f3.<\/p>\n<p>El futbolista romano explic\u00f3 adem\u00e1s que se siente feliz por formar parte de la lista de Italia para esta repesca, tras los dif\u00edciles momentos vividos en la pasada campa\u00f1a, en la que se rompi\u00f3 dos veces en ligamento cruzado de una rodilla.<\/p>\n<p style=\"text-align: center;\"><span style=\"color: #3366ff;\"><a href=\"https:\/\/www.futboltotal.com.mx\/futbol-mexicano\/seleccion-mexicana\/juan-carlos-osorio-destaca-potencial-ofensivo-belgica\/2017\/11\">VER M\u00c1S: Juan Carlos Osorio destaca potencial ofensivo de B\u00e9lgica<\/a><\/span><\/p>\n<p>&#8220;Son sensaciones positivas, que echaba de menos. Es un placer y un orgullo volver a la selecci\u00f3n italiana para una repesca tan dif\u00edcil. Har\u00e1 falta hambre y agresividad, y tambi\u00e9n los j\u00f3venes tendr\u00e1n que dar su aportaci\u00f3n&#8221;, declar\u00f3.<\/p>\n<p>El italiano tiene claro que la selecci\u00f3n sueca es un rival muy competitivo, que en la fase de clasificaci\u00f3n al <strong>Mundial<\/strong> logr\u00f3 derrotar a <strong>Francia<\/strong> y acabar su grupo por delante de <strong>Holanda<\/strong>.<\/p>\n<p>&#8220;Tienen muchos jugadores que juegan en campeonatos de nivel internacional. Ellos tambi\u00e9n quieren ir al Mundial y eliminaron a Holanda. No ser\u00e1 f\u00e1cil para nosotros, aunque tampoco lo ser\u00e1 para ellos&#8221;, dijo.<\/p>\n","protected":false},"excerpt":{"rendered":"<p>Los italianos aseguran que dejar\u00e1n todo por pasar al mundial.<\/p>\n","protected":false},"author":129,"featured_media":508414,"comment_status":"closed","ping_status":"closed","sticky":false,"template":"","format":"standard","meta":[],"categories":[3839],"tags":[11071,6214,6024,292,849],"_links":{"self":[{"href":"http:\/\/desarrollo.grupomedios.com\/futbol\/wp-json\/wp\/v2\/posts\/508411"}],"collection":[{"href":"http:\/\/desarrollo.grupomedios.com\/futbol\/wp-json\/wp\/v2\/posts"}],"about":[{"href":"http:\/\/desarrollo.grupomedios.com\/futbol\/wp-json\/wp\/v2\/types\/post"}],"author":[{"embeddable":true,"href":"http:\/\/desarrollo.grupomedios.com\/futbol\/wp-json\/wp\/v2\/users\/129"}],"replies":[{"embeddable":true,"href":"http:\/\/desarrollo.grupomedios.com\/futbol\/wp-json\/wp\/v2\/comments?post=508411"}],"version-history":[{"count":1,"href":"http:\/\/desarrollo.grupomedios.com\/futbol\/wp-json\/wp\/v2\/posts\/508411\/revisions"}],"predecessor-version":[{"id":508415,"href":"http:\/\/desarrollo.grupomedios.com\/futbol\/wp-json\/wp\/v2\/posts\/508411\/revisions\/508415"}],"wp:featuredmedia":[{"embeddable":true,"href":"http:\/\/desarrollo.grupomedios.com\/futbol\/wp-json\/wp\/v2\/media\/508414"}],"wp:attachment":[{"href":"http:\/\/desarrollo.grupomedios.com\/futbol\/wp-json\/wp\/v2\/media?parent=508411"}],"wp:term":[{"taxonomy":"category","embeddable":true,"href":"http:\/\/desarrollo.grupomedios.com\/futbol\/wp-json\/wp\/v2\/categories?post=508411"},{"taxonomy":"post_tag","embeddable":true,"href":"http:\/\/desarrollo.grupomedios.com\/futbol\/wp-json\/wp\/v2\/tags?post=508411"}],"curies":[{"name":"wp","href":"https:\/\/api.w.org\/{rel}","templated":true}]}}