{"id":508420,"date":"2017-11-07T10:48:26","date_gmt":"2017-11-07T16:48:26","guid":{"rendered":"https:\/\/www.futboltotal.com.mx\/?p=508420"},"modified":"2017-11-07T10:48:26","modified_gmt":"2017-11-07T16:48:26","slug":"la-renta-que-paga-neymar-por-su-mansion-en-paris","status":"publish","type":"post","link":"http:\/\/desarrollo.grupomedios.com\/futbol\/cambio-de-juego\/la-renta-que-paga-neymar-por-su-mansion-en-paris\/2017\/11","title":{"rendered":"La renta que paga Neymar por su mansi\u00f3n en Par\u00eds"},"content":{"rendered":"<p>POR: EFE<\/p>\n<p>&#8220;Un vecino ejemplar&#8221;. As\u00ed describen los habitantes de la apacible Bougival a su m\u00e1s ilustre vecino, el brasile\u00f1o\u00a0<strong>Neymar<\/strong>, quien pasa sus primeros meses en el\u00a0<strong>Paris Saint-Germain<\/strong>\u00a0rodeado de un nutrido grupo de amigos y familiares.<\/p>\n<p>Presentado el pasado 4 de agosto, el astro brasile\u00f1o comenz\u00f3 viviendo en un hotel parisino, hasta que a comienzos de septiembre se mud\u00f3 a esa peque\u00f1a localidad situada a pocos kil\u00f3metros del centro de entrenamiento del PSG y unos 20 al oeste de Par\u00eds.<\/p>\n<p>Ah\u00ed Neymar cumple una rutina que pasa muy desapercibida para el resto de los habitantes de la conocida como &#8220;villa de los impresionistas&#8221; por haber acogido a maestros de esa corriente pict\u00f3rica del siglo XIX, como Claude Monet.<\/p>\n<p>Su residencia, construida a los lomos de una colina y rodeada de una frondosa vegetaci\u00f3n, dispone de 5000 metros cuadrados de zonas verdes y de 1000 metros habitables y\u00a0<strong>el alquiler ronda los 14 mil euros mensuales<\/strong>, seg\u00fan la revista &#8220;Paris Match&#8221;.<\/p>\n<p>La mansi\u00f3n es la misma en la que vivi\u00f3 hace m\u00e1s de una d\u00e9cada otro ilustre futbolista brasile\u00f1o,\u00a0<strong>Ronaldinho<\/strong>, quien jug\u00f3 en el PSG entre 2002 y 2004.<\/p>\n<p>Est\u00e1 todo tranquilo, no tenemos ninguna queja de ruidos ni nada. Le he visto varios veces y saluda, como todo el mundo.\u00a0<strong>Con Ronaldinho tampoco tuvimos quejas<\/strong>&#8220;, cuenta el sexagenario J\u00earome, que vive a escasos metros de la mansi\u00f3n.<\/p>\n<p style=\"text-align: center;\"><a href=\"https:\/\/www.futboltotal.com.mx\/futbol-mexicano\/liga-mx\/erick-gutierrez-dejara-pachuca-por-psv-eindhoven-en-mayo\/2017\/11\">VER M\u00c1S: Erick Guti\u00e9rrez dejar\u00e1 Pachuca por PSV Eindhoven en mayo<\/a><\/p>\n<p>Eso s\u00ed, el residente de Bougival constata que la ida y venida de veh\u00edculos es notable: &#8220;Si no me equivoco, creo que <strong>ocupan la casa en total 12 personas de manera permanente<\/strong>&#8220;, entre familiares y amigos.<\/p>\n<p>Un movimiento que tampoco incomoda al alcalde de la localidad,\u00a0<strong>Luc Wattelle<\/strong>, quien considera a Neymar &#8220;un vecino completamente tranquilo, que encaja con lo que representa&#8221; la localidad, de apenas nueve mil habitantes.<\/p>\n<p>Wattelle s\u00ed que reconoce estar al tanto de la fama de &#8216;fiestero&#8217; del &#8217;10&#8217; del PSG y de la selecci\u00f3n de Brasil y explica que ya advirti\u00f3 a los vecinos de que puede haber ruidos molestos.<\/p>\n<p>&#8220;<strong>Por el momento, no hay quejas. Me da la sensaci\u00f3n de que (Neymar) tiene un patr\u00f3n de comportamiento muy profesional<\/strong>&#8220;, expone.<\/p>\n<p>\u00bfY el entorno que lo acompa\u00f1a? El regidor desea que sus amigos y familiares sigan la l\u00ednea discreta de Neymar.<\/p>\n<p>&#8220;Toda esta tranquilidad coincide con la temporada futbol\u00edstica.\u00a0<strong>Luego, en vacaciones, veremos<\/strong>, pero creo que en ese momento \u00e9l suele regresar a Brasil, por lo que no habr\u00e1 problema&#8221;, agrega.<\/p>\n<p style=\"text-align: center;\"><a href=\"https:\/\/www.futboltotal.com.mx\/futbol-mexicano\/liga-mx\/falcao-fue-ofrecido-a-tigres-gignac\/2017\/11\">VER M\u00c1S: Radamel Falcao fue ofrecido a Tigres antes que Gignac<\/a><\/p>\n<p>Tener a Neymar como ilustre habitante no ha cambiado la tranquila rutina de esta localidad, tal y como narran Nicolas y Henri, dos adolescentes que pasean por sus calles semidesiertas.<\/p>\n<p>&#8220;Hubo un poco de m\u00e1s trasiego las primeras semanas de septiembre, pero luego se tranquiliz\u00f3&#8221;, comentan.<\/p>\n<p>As\u00ed lo corrobora el regidor, quien recuerda a un grupo de chicas que se concentraba enfrente de la residencia en los primeros d\u00edas.<\/p>\n<p>Aunque el revuelo pas\u00f3, los efectivos de seguridad privada que velan por la seguridad de Neymar y los suyos trabajan sin descanso.<\/p>\n<p>En las inmediaciones de la casa del jugador m\u00e1s caro de la historia del futbol, se desplaza con\u00a0<strong>asiduidad la polic\u00eda nacional francesa<\/strong>.<\/p>\n<p><strong>&#8220;Vienen chavales con frecuencia para intentar verlo&#8221;<\/strong>, afirma una polic\u00eda, poco despu\u00e9s de cazar a tres chicos subidos a un muro de color blanco, en un intento de fisgonear lo que se cuece dentro de la residencia de la estrella brasile\u00f1a.<\/p>\n<p>Mientras la agente identificaba a los adolescentes, de un coche que aparca junto a la puerta de la suntuosa casa descienden dos j\u00f3venes. <strong>&#8220;Friends of\u00a0<span class=\"classCadenaBusqueda\">Neymar<\/span>&#8220;<\/strong> (&#8220;Amigos de\u00a0<span class=\"classCadenaBusqueda\">Neymar<\/span>&#8220;), espeta uno de ellos ante la polic\u00eda.<\/p>\n<p>Instantes despu\u00e9s, un chaval con gorra y los brazos tatuados abre las puertas del garaje de la mansi\u00f3n y los dos muchachos, ataviados con gorra y bolsas de la tienda oficial del PSG, entran en el ed\u00e9n de\u00a0<span class=\"classCadenaBusqueda\">Neymar<\/span>.<\/p>\n<p>Otros dos adolescentes que merodeaban la residencia, <strong>Karim Benchalal y Maruane Chicheri<\/strong>, aseveran que quien abri\u00f3 la puerta fue el mism\u00edsimo crack brasile\u00f1o.<\/p>\n<p>&#8220;No me lo creo. \u00a1Hemos visto en persona a\u00a0<span class=\"classCadenaBusqueda\">Neymar<\/span>! Esto se lo tenemos que contar a todos los amigos&#8221;, dicen al un\u00edsono. Realidad o deseo, lo que es seguro es que el futbolista seguir\u00e1 blindado en su inexpugnable retiro de Bougival.<\/p>\n<p style=\"text-align: center;\"><a href=\"https:\/\/www.futboltotal.com.mx\/futbol-internacional\/liga-de-espana\/diego-reyes-regresara-al-espanyol-en-enero\/2017\/11\">VER M\u00c1S: Diego Reyes regresar\u00e1 al Espanyol en enero<\/a><\/p>\n","protected":false},"excerpt":{"rendered":"<p>El brasile\u00f1o vive de buena forma en Francia, como toda una estrella<\/p>\n","protected":false},"author":159,"featured_media":508422,"comment_status":"closed","ping_status":"closed","sticky":false,"template":"","format":"standard","meta":[],"categories":[5419],"tags":[408,6001,1376],"_links":{"self":[{"href":"http:\/\/desarrollo.grupomedios.com\/futbol\/wp-json\/wp\/v2\/posts\/508420"}],"collection":[{"href":"http:\/\/desarrollo.grupomedios.com\/futbol\/wp-json\/wp\/v2\/posts"}],"about":[{"href":"http:\/\/desarrollo.grupomedios.com\/futbol\/wp-json\/wp\/v2\/types\/post"}],"author":[{"embeddable":true,"href":"http:\/\/desarrollo.grupomedios.com\/futbol\/wp-json\/wp\/v2\/users\/159"}],"replies":[{"embeddable":true,"href":"http:\/\/desarrollo.grupomedios.com\/futbol\/wp-json\/wp\/v2\/comments?post=508420"}],"version-history":[{"count":1,"href":"http:\/\/desarrollo.grupomedios.com\/futbol\/wp-json\/wp\/v2\/posts\/508420\/revisions"}],"predecessor-version":[{"id":508423,"href":"http:\/\/desarrollo.grupomedios.com\/futbol\/wp-json\/wp\/v2\/posts\/508420\/revisions\/508423"}],"wp:featuredmedia":[{"embeddable":true,"href":"http:\/\/desarrollo.grupomedios.com\/futbol\/wp-json\/wp\/v2\/media\/508422"}],"wp:attachment":[{"href":"http:\/\/desarrollo.grupomedios.com\/futbol\/wp-json\/wp\/v2\/media?parent=508420"}],"wp:term":[{"taxonomy":"category","embeddable":true,"href":"http:\/\/desarrollo.grupomedios.com\/futbol\/wp-json\/wp\/v2\/categories?post=508420"},{"taxonomy":"post_tag","embeddable":true,"href":"http:\/\/desarrollo.grupomedios.com\/futbol\/wp-json\/wp\/v2\/tags?post=508420"}],"curies":[{"name":"wp","href":"https:\/\/api.w.org\/{rel}","templated":true}]}}