{"id":508424,"date":"2017-11-07T11:40:47","date_gmt":"2017-11-07T17:40:47","guid":{"rendered":"https:\/\/www.futboltotal.com.mx\/?p=508424"},"modified":"2017-11-07T12:49:15","modified_gmt":"2017-11-07T18:49:15","slug":"griezmann-pide-esta-condicion-para-fichar-por-barcelona","status":"publish","type":"post","link":"http:\/\/desarrollo.grupomedios.com\/futbol\/futbol-internacional\/griezmann-pide-esta-condicion-para-fichar-por-barcelona\/2017\/11","title":{"rendered":"Griezmann pide una condici\u00f3n para fichar por el FC Barcelona"},"content":{"rendered":"<p>POR: STAFF FT<\/p>\n<p>El delantero del <strong>Atl\u00e9tico de Madrid<\/strong>,\u00a0<strong>Antoine Griezmann<\/strong>, pidi\u00f3 una condici\u00f3n especial al FC Barcelona para integrarse al club, pues <strong>Ernesto Valverde<\/strong>, lo ha pedido a \u00e9l para afianzar su ataque, pero el atacante franc\u00e9s no est\u00e1 dispuesto a jugar un papel secundario, por lo que habr\u00eda pedido como condici\u00f3n la titularidad en el conjunto blaugrana.<\/p>\n<p>El Barcelona marcha como primero de la liga espa\u00f1ola, luego del triunfo que consiguieron el fin de semana ante el <strong>Sevilla<\/strong> en el <strong>Camp Nou<\/strong>, sin embargo, no todo fue felicidad para los blaugranas pues su delantero estrella, <strong>Luis Su\u00e1rez<\/strong> contin\u00fao con la p\u00f3lvora mojada y acumul\u00f3 451 minutos en la liga sin poder anotar, una racha que no viv\u00eda desde que era jugador del <strong>Liverpool<\/strong>.<\/p>\n<p style=\"text-align: center;\"><a href=\"https:\/\/www.futboltotal.com.mx\/futbol-mexicano\/liga-mx\/pumas-ya-tiene-en-la-mira-a-delantero-uruguayo\/2017\/11\">VER M\u00c1S: Pumas ya tiene en la mira a un delantero uruguayo<\/a><\/p>\n<p>De acuerdo a informaci\u00f3n de The Mirror y Diario Gol,\u00a0<strong>Josep Maria Bartomeu<\/strong>, presidente del Barcelona, estar\u00eda buscando &#8216;eliminar&#8217; al delantero uruguayo que est\u00e1 pr\u00f3ximo a cumplir 31 a\u00f1os, a pesar que tiene contrato hasta <strong>2021<\/strong>, pues estar\u00edan reservado el hueco de centro delantero para Griezmann.<\/p>\n<p>A pesar que el franc\u00e9s estaba dispuesto a llegar con el\u00a0<strong>Manchester United<\/strong>\u00a0 pero decidi\u00f3 permanecer con el\u00a0Atl\u00e9tico de Madrid pues los Colchoneros no pod\u00edan fichar a ning\u00fan futbolista, pero ahora desea emigrar a un mejor club con el que pueda ganar la <strong>Champions League<\/strong>, aunque tambi\u00e9n lo ronda el Real Madrid, que no lo est\u00e1 pasando nada bien con <strong>Karim Benezema<\/strong>.<\/p>\n<p>Por otro lado, el atacante franc\u00e9s ha perdido protagonismo en la actualidad de <strong>Diego Simeone<\/strong>, pues aunque ha jugado como titular, ha sido sustituido y vive una sequ\u00eda goleadora. Pero Bartomeu est\u00e1 convencido de llevarlo como cul\u00e9, pues el precio de 100 millones de euros le parece una ganga en el mercado actual y est\u00e1 convencido que sus mejores a\u00f1os est\u00e1n por venir.<\/p>\n<p style=\"text-align: center;\"><a href=\"https:\/\/www.futboltotal.com.mx\/futbol-mexicano\/liga-mx\/falcao-fue-ofrecido-a-tigres-gignac\/2017\/11\">VER M\u00c1S: Radamel Falcao fue ofrecido a Tigres antes que Gignac<\/a><\/p>\n<p>&nbsp;<\/p>\n","protected":false},"excerpt":{"rendered":"<p>El delantero franc\u00e9s no quiere un papel secundario con los cul\u00e9s<\/p>\n","protected":false},"author":159,"featured_media":508428,"comment_status":"closed","ping_status":"closed","sticky":false,"template":"","format":"standard","meta":[],"categories":[3839,3844],"tags":[11072,6007,253],"_links":{"self":[{"href":"http:\/\/desarrollo.grupomedios.com\/futbol\/wp-json\/wp\/v2\/posts\/508424"}],"collection":[{"href":"http:\/\/desarrollo.grupomedios.com\/futbol\/wp-json\/wp\/v2\/posts"}],"about":[{"href":"http:\/\/desarrollo.grupomedios.com\/futbol\/wp-json\/wp\/v2\/types\/post"}],"author":[{"embeddable":true,"href":"http:\/\/desarrollo.grupomedios.com\/futbol\/wp-json\/wp\/v2\/users\/159"}],"replies":[{"embeddable":true,"href":"http:\/\/desarrollo.grupomedios.com\/futbol\/wp-json\/wp\/v2\/comments?post=508424"}],"version-history":[{"count":3,"href":"http:\/\/desarrollo.grupomedios.com\/futbol\/wp-json\/wp\/v2\/posts\/508424\/revisions"}],"predecessor-version":[{"id":508446,"href":"http:\/\/desarrollo.grupomedios.com\/futbol\/wp-json\/wp\/v2\/posts\/508424\/revisions\/508446"}],"wp:featuredmedia":[{"embeddable":true,"href":"http:\/\/desarrollo.grupomedios.com\/futbol\/wp-json\/wp\/v2\/media\/508428"}],"wp:attachment":[{"href":"http:\/\/desarrollo.grupomedios.com\/futbol\/wp-json\/wp\/v2\/media?parent=508424"}],"wp:term":[{"taxonomy":"category","embeddable":true,"href":"http:\/\/desarrollo.grupomedios.com\/futbol\/wp-json\/wp\/v2\/categories?post=508424"},{"taxonomy":"post_tag","embeddable":true,"href":"http:\/\/desarrollo.grupomedios.com\/futbol\/wp-json\/wp\/v2\/tags?post=508424"}],"curies":[{"name":"wp","href":"https:\/\/api.w.org\/{rel}","templated":true}]}}