{"id":508425,"date":"2017-11-07T11:32:13","date_gmt":"2017-11-07T17:32:13","guid":{"rendered":"https:\/\/www.futboltotal.com.mx\/?p=508425"},"modified":"2017-11-07T13:16:57","modified_gmt":"2017-11-07T19:16:57","slug":"cesar-arturo-ramos-designado-fifa-mundial-ce-clubes","status":"publish","type":"post","link":"http:\/\/desarrollo.grupomedios.com\/futbol\/futbol-internacional\/cesar-arturo-ramos-designado-fifa-mundial-ce-clubes\/2017\/11","title":{"rendered":"C\u00e9sar Arturo Ramos, designado por FIFA para Mundial de Clubes"},"content":{"rendered":"<p><strong>Por: EFE<\/strong><\/p>\n<p>El silbante mexicano <strong>C\u00e9sar Arturo Ramos Palazuelos<\/strong> fue elegido por la <strong>FIFA<\/strong> para ser uno de los \u00e1rbitros que participar\u00e1n en el <strong>Mundial de Clubes<\/strong> que se celebrar\u00e1 a finales de este a\u00f1o en Abu Dhabi y Al Ain.<\/p>\n<p>Palazuelos, de 33 a\u00f1os, apareci\u00f3 en la lista que public\u00f3 la FIFA en su portal oficial de los silbantes para dirigir el certamen donde participar\u00e1n clubes como <strong>Real Madrid<\/strong> y <strong>Tuzos de Pachuca<\/strong>. El central estar\u00e1 acompa\u00f1ado por los asistentes mexicanos <strong>Marvin Torrentera<\/strong> y <strong>Miguel \u00c1ngel Hern\u00e1ndez<\/strong>.<\/p>\n<p style=\"text-align: center;\"><a href=\"https:\/\/www.futboltotal.com.mx\/futbol-mexicano\/liga-mx\/hermanos-dos-santos-llegarian-a-equipos-de-la-liga-mx\/2017\/11\"><span style=\"color: #3366ff;\">VER M\u00c1S: Hermanos Dos Santos llegar\u00edan a equipos de la Liga MX<\/span><\/a><\/p>\n<p>De esta manera, el originario de Culiac\u00e1n, Sinaloa espera tener buenas actuaciones que le permitan ser considerado para dirigir la Final, en caso de que Tuzos no pueda clasificarse. Es importante mencionar que C\u00e9sar Ramos es uno de los \u00e1rbitros aztecas que se perfilan para ganarse un lugar en la <strong>Copa del Mundo de Rusia 2018<\/strong>.<\/p>\n<p>En tanto, el Mundial de Clubes se disputar\u00e1 del 6 al 16 de diciembre y Pachuca debutar\u00e1 el 9 de diciembre pero a\u00fan no conoce al rival que enfrentar\u00e1n.<\/p>\n<p style=\"text-align: center;\"><span style=\"color: #3366ff;\"><a href=\"https:\/\/www.futboltotal.com.mx\/futbol-internacional\/liga-de-inglaterra\/west-ham-oficializa-la-llegada-david-moyes-reencontrara-chicharito\/2017\/11\">VER M\u00c1S: West Ham oficializa llegada de David Moyes y se reencontrar\u00e1 con Chicharito<\/a><\/span><\/p>\n","protected":false},"excerpt":{"rendered":"<p>El silbante mexicano buscar\u00e1 tambi\u00e9n estar en la Copa del Mundo.<\/p>\n","protected":false},"author":129,"featured_media":508426,"comment_status":"closed","ping_status":"closed","sticky":false,"template":"","format":"standard","meta":[],"categories":[3839,11040],"tags":[10541,361,415,5968,5988],"_links":{"self":[{"href":"http:\/\/desarrollo.grupomedios.com\/futbol\/wp-json\/wp\/v2\/posts\/508425"}],"collection":[{"href":"http:\/\/desarrollo.grupomedios.com\/futbol\/wp-json\/wp\/v2\/posts"}],"about":[{"href":"http:\/\/desarrollo.grupomedios.com\/futbol\/wp-json\/wp\/v2\/types\/post"}],"author":[{"embeddable":true,"href":"http:\/\/desarrollo.grupomedios.com\/futbol\/wp-json\/wp\/v2\/users\/129"}],"replies":[{"embeddable":true,"href":"http:\/\/desarrollo.grupomedios.com\/futbol\/wp-json\/wp\/v2\/comments?post=508425"}],"version-history":[{"count":2,"href":"http:\/\/desarrollo.grupomedios.com\/futbol\/wp-json\/wp\/v2\/posts\/508425\/revisions"}],"predecessor-version":[{"id":508457,"href":"http:\/\/desarrollo.grupomedios.com\/futbol\/wp-json\/wp\/v2\/posts\/508425\/revisions\/508457"}],"wp:featuredmedia":[{"embeddable":true,"href":"http:\/\/desarrollo.grupomedios.com\/futbol\/wp-json\/wp\/v2\/media\/508426"}],"wp:attachment":[{"href":"http:\/\/desarrollo.grupomedios.com\/futbol\/wp-json\/wp\/v2\/media?parent=508425"}],"wp:term":[{"taxonomy":"category","embeddable":true,"href":"http:\/\/desarrollo.grupomedios.com\/futbol\/wp-json\/wp\/v2\/categories?post=508425"},{"taxonomy":"post_tag","embeddable":true,"href":"http:\/\/desarrollo.grupomedios.com\/futbol\/wp-json\/wp\/v2\/tags?post=508425"}],"curies":[{"name":"wp","href":"https:\/\/api.w.org\/{rel}","templated":true}]}}