{"id":508447,"date":"2017-11-07T13:11:24","date_gmt":"2017-11-07T19:11:24","guid":{"rendered":"https:\/\/www.futboltotal.com.mx\/?p=508447"},"modified":"2017-11-07T13:11:24","modified_gmt":"2017-11-07T19:11:24","slug":"jose-mourinho-prepara-fichaje-paris-saint-germain%ef%bb%bf","status":"publish","type":"post","link":"http:\/\/desarrollo.grupomedios.com\/futbol\/futbol-internacional\/jose-mourinho-prepara-fichaje-paris-saint-germain%ef%bb%bf\/2017\/11","title":{"rendered":"Jos\u00e9 Mourinho prepara su fichaje con Paris Saint-Germain\ufeff"},"content":{"rendered":"<p><strong>POR: STAFF FT<\/strong><\/p>\n<p>El estratega portugu\u00e9s,\u00a0<strong>Jos\u00e9 Mourinho<\/strong> estar\u00eda pensando en dejar al\u00a0<strong>Manchester United<\/strong>, a pesar que su contrato con los <strong>Red Devils<\/strong> se termina en 2019 y tendr\u00eda la intenci\u00f3n de marcharse hac\u00eda el\u00a0<strong>Paris Saint-Germain,<\/strong> de acuerdo a diversos reportes en la prensa de Inglaterra, pues adem\u00e1s los resultados no estar\u00edan siendo los esperados en la Premier League de acuerdo con la inversi\u00f3n realizada.<\/p>\n<p>Mourinho ha frenado toda conversaci\u00f3n con respecto a su renovaci\u00f3n y por el contrario estar\u00eda buscando una v\u00eda de escape para poder marcharse al final de la temporada y desde principios de octubre ha bromeado con\u00a0el viaje de su hijo desde Londres a Par\u00eds para ver un partido del PSG. <strong>\u201cPrefiere ir a ver al PSG que al United\u201d<\/strong>, sonri\u00f3 el entrenador de los Red Devils.<\/p>\n<p style=\"text-align: center;\"><a href=\"https:\/\/www.futboltotal.com.mx\/futbol-mexicano\/liga-mx\/hermanos-dos-santos-llegarian-a-equipos-de-la-liga-mx\/2017\/11\">VER M\u00c1S: Hermanos Dos Santos llegar\u00edan a equipos de la Liga MX<\/a><\/p>\n<p>De acuerdo con el diario The Sun, el estratega portugu\u00e9s ya le habr\u00eda indicando a su agente, Jorge Mendes, para hacer los movimientos adecuados y ya habr\u00eda logrado contacto directo con el\u00a0presidente del PSG, <strong>Nasser Al-Khelaifi<\/strong>, de igual forma ya ha hablado\u00a0con <strong>Antero Henrique<\/strong>, Director Deportivo de los parisinos, esta podr\u00eda ser una pieza clave pues convivi\u00f3 con &#8216;Mou&#8217; en su paso por el<strong> Porto<\/strong>.<\/p>\n<p>\u201cMi hijo, que vive en Londres, se fue a Par\u00eds y no a Manchester para ver el partido. <strong>Ahora en Par\u00eds hay algo especial: magia, calidad, juventud, es fant\u00e1stico<\/strong>\u201d indic\u00f3 el estratega en una entrevista para la televisi\u00f3n de Francia, lo que ha causado revuelo y mucha especulaci\u00f3n al respecto del estratega que tambi\u00e9n ha tenido bajo su mando al Real Madrid.<\/p>\n<p>Por otro lado, <strong>Unai Emery<\/strong> tiene contrato por dos temporadas con los parisinos, aunque su gran objetivo es llevar al equipo como campe\u00f3n de la<strong> Champions League<\/strong>, pero en el entorno del club crece el rumor que se marchar\u00e1 en junio del 2018 sea cual sea su resultado, pues no ha logrado manejar al grupo y han salido a la luz diversos roces con la estrella brasile\u00f1a, <strong>Neymar<\/strong>.<\/p>\n<p style=\"text-align: center;\"><a href=\"https:\/\/www.futboltotal.com.mx\/futbol-mexicano\/liga-mx\/falcao-fue-ofrecido-a-tigres-gignac\/2017\/11\">VER M\u00c1S: Radamel Falcao fue ofrecido a Tigres antes que Gignac<\/a><\/p>\n","protected":false},"excerpt":{"rendered":"<p>El estratega portugu\u00e9s habr\u00eda sido seducido por los parisinos<\/p>\n","protected":false},"author":159,"featured_media":508455,"comment_status":"closed","ping_status":"closed","sticky":false,"template":"","format":"standard","meta":[],"categories":[3839,9609],"tags":[288,43,1376],"_links":{"self":[{"href":"http:\/\/desarrollo.grupomedios.com\/futbol\/wp-json\/wp\/v2\/posts\/508447"}],"collection":[{"href":"http:\/\/desarrollo.grupomedios.com\/futbol\/wp-json\/wp\/v2\/posts"}],"about":[{"href":"http:\/\/desarrollo.grupomedios.com\/futbol\/wp-json\/wp\/v2\/types\/post"}],"author":[{"embeddable":true,"href":"http:\/\/desarrollo.grupomedios.com\/futbol\/wp-json\/wp\/v2\/users\/159"}],"replies":[{"embeddable":true,"href":"http:\/\/desarrollo.grupomedios.com\/futbol\/wp-json\/wp\/v2\/comments?post=508447"}],"version-history":[{"count":1,"href":"http:\/\/desarrollo.grupomedios.com\/futbol\/wp-json\/wp\/v2\/posts\/508447\/revisions"}],"predecessor-version":[{"id":508456,"href":"http:\/\/desarrollo.grupomedios.com\/futbol\/wp-json\/wp\/v2\/posts\/508447\/revisions\/508456"}],"wp:featuredmedia":[{"embeddable":true,"href":"http:\/\/desarrollo.grupomedios.com\/futbol\/wp-json\/wp\/v2\/media\/508455"}],"wp:attachment":[{"href":"http:\/\/desarrollo.grupomedios.com\/futbol\/wp-json\/wp\/v2\/media?parent=508447"}],"wp:term":[{"taxonomy":"category","embeddable":true,"href":"http:\/\/desarrollo.grupomedios.com\/futbol\/wp-json\/wp\/v2\/categories?post=508447"},{"taxonomy":"post_tag","embeddable":true,"href":"http:\/\/desarrollo.grupomedios.com\/futbol\/wp-json\/wp\/v2\/tags?post=508447"}],"curies":[{"name":"wp","href":"https:\/\/api.w.org\/{rel}","templated":true}]}}