{"id":508454,"date":"2017-11-07T13:39:49","date_gmt":"2017-11-07T19:39:49","guid":{"rendered":"https:\/\/www.futboltotal.com.mx\/?p=508454"},"modified":"2017-11-07T13:39:49","modified_gmt":"2017-11-07T19:39:49","slug":"rusia-2018-la-ultima-oportunidad-ganar-mascherano","status":"publish","type":"post","link":"http:\/\/desarrollo.grupomedios.com\/futbol\/futbol-internacional\/rusia-2018-la-ultima-oportunidad-ganar-mascherano\/2017\/11","title":{"rendered":"Rusia 2018, la \u00faltima oportunidad para ganar algo: Mascherano"},"content":{"rendered":"<p>La <strong>Selecci\u00f3n de Argentina<\/strong> est\u00e1 en <strong>Rusia<\/strong> para enfrentar al pa\u00eds anfitri\u00f3n en una sede donde buscar\u00e1n estar el pr\u00f3ximo verano de 2018 en la <strong>Copa del Mundo<\/strong> y que representar\u00e1 la \u00faltima oportunidad de obtener la gloria para la generaci\u00f3n que lidera <strong>Lionel Messi<\/strong>, as\u00ed lo asegur\u00f3 el mediocampista <strong>Javier Mascherano<\/strong>.<\/p>\n<p>&#8220;Esta es la \u00faltima gran chance de esta generaci\u00f3n para ganar algo&#8221;, dijo el volante de 33 a\u00f1os, emblema de un grupo de jugadores que tuvo protagonismo hegem\u00f3nico en la \u00faltima d\u00e9cada.<\/p>\n<p style=\"text-align: center;\"><span style=\"color: #3366ff;\"><a href=\"https:\/\/www.futboltotal.com.mx\/futbol-internacional\/nueva-zelanda-quiere-evitar-errores-lo-dejaron-sin-mundial-ante-mexico\/2017\/11\">VER M\u00c1S: Nueva Zelanda quiere evitar errores que lo dejaron sin Mundial ante M\u00e9xico<\/a><\/span><\/p>\n<p>Argentina jugar\u00e1 este s\u00e1bado su primer amistoso preparatorio, contra los anfitriones en <strong>Mosc\u00fa<\/strong> y el pr\u00f3ximo martes enfrentar\u00e1 a <strong>Nigeria<\/strong> en Krasnodar.<\/p>\n<p>La generaci\u00f3n a la que hace referencia Mascherano fall\u00f3 en la conquista de los <strong>Mundiales de Alemania 2006<\/strong> (Cuartos de Final), <strong>Sud\u00e1frica 2010<\/strong> (Cuartos de Final) y <strong>Brasil 2014<\/strong> (perdi\u00f3 la Final 1-0 con Alemania).<\/p>\n<p>Tambi\u00e9n perdi\u00f3 las finales de <strong>Copa Am\u00e9rica<\/strong> en<strong> Venezuela 2007<\/strong> (3-0 con Brasil), en <strong>Chile 2015<\/strong> (en penaltis con Chile) y <strong>Centenario en Estados Unidos 2016<\/strong> (en penaltis con Chile).<\/p>\n","protected":false},"excerpt":{"rendered":"<p>El argentino asegur\u00f3 que es la \u00faltima oportunidad para la generaci\u00f3n de Messi.<\/p>\n","protected":false},"author":129,"featured_media":508461,"comment_status":"closed","ping_status":"closed","sticky":false,"template":"","format":"standard","meta":[],"categories":[3839],"tags":[5996,6214,6029,6012,1125,2232],"_links":{"self":[{"href":"http:\/\/desarrollo.grupomedios.com\/futbol\/wp-json\/wp\/v2\/posts\/508454"}],"collection":[{"href":"http:\/\/desarrollo.grupomedios.com\/futbol\/wp-json\/wp\/v2\/posts"}],"about":[{"href":"http:\/\/desarrollo.grupomedios.com\/futbol\/wp-json\/wp\/v2\/types\/post"}],"author":[{"embeddable":true,"href":"http:\/\/desarrollo.grupomedios.com\/futbol\/wp-json\/wp\/v2\/users\/129"}],"replies":[{"embeddable":true,"href":"http:\/\/desarrollo.grupomedios.com\/futbol\/wp-json\/wp\/v2\/comments?post=508454"}],"version-history":[{"count":1,"href":"http:\/\/desarrollo.grupomedios.com\/futbol\/wp-json\/wp\/v2\/posts\/508454\/revisions"}],"predecessor-version":[{"id":508462,"href":"http:\/\/desarrollo.grupomedios.com\/futbol\/wp-json\/wp\/v2\/posts\/508454\/revisions\/508462"}],"wp:featuredmedia":[{"embeddable":true,"href":"http:\/\/desarrollo.grupomedios.com\/futbol\/wp-json\/wp\/v2\/media\/508461"}],"wp:attachment":[{"href":"http:\/\/desarrollo.grupomedios.com\/futbol\/wp-json\/wp\/v2\/media?parent=508454"}],"wp:term":[{"taxonomy":"category","embeddable":true,"href":"http:\/\/desarrollo.grupomedios.com\/futbol\/wp-json\/wp\/v2\/categories?post=508454"},{"taxonomy":"post_tag","embeddable":true,"href":"http:\/\/desarrollo.grupomedios.com\/futbol\/wp-json\/wp\/v2\/tags?post=508454"}],"curies":[{"name":"wp","href":"https:\/\/api.w.org\/{rel}","templated":true}]}}