{"id":508465,"date":"2017-11-07T14:15:01","date_gmt":"2017-11-07T20:15:01","guid":{"rendered":"https:\/\/www.futboltotal.com.mx\/?p=508465"},"modified":"2017-11-07T14:15:01","modified_gmt":"2017-11-07T20:15:01","slug":"adidas-niega-jersey-espana-tenga-tintes-politicos","status":"publish","type":"post","link":"http:\/\/desarrollo.grupomedios.com\/futbol\/futbol-internacional\/adidas-niega-jersey-espana-tenga-tintes-politicos\/2017\/11","title":{"rendered":"Adidas niega que jersey de Espa\u00f1a tenga tintes pol\u00edticos"},"content":{"rendered":"<p>La marca de material deportivo <strong>Adidas<\/strong> ha emitido este martes un comunicado en el que afirma que el dise\u00f1o de la camiseta que la <strong>selecci\u00f3n espa\u00f1ola de f\u00fatbol<\/strong> lucir\u00e1 en el <strong>Mundial de Rusia 2018<\/strong> est\u00e1 &#8220;fuera de cualquier connotaci\u00f3n pol\u00edtica&#8221;<\/p>\n<p>En su nota, Adidas se\u00f1ala que lleva &#8220;apoyando a la selecci\u00f3n espa\u00f1ola m\u00e1s de 30 a\u00f1os&#8221; como patrocinador t\u00e9cnico, &#8220;proporcion\u00e1ndole el mejor material para todas las competiciones&#8221; y que &#8220;el rendimiento de los deportistas&#8221; es su &#8220;principal objetivo&#8221;.<\/p>\n<p>&#8220;La marca de las tres bandas trata de ofrecer dise\u00f1os novedosos con las mejores tecnolog\u00edas del mercado sin olvidar sus colecciones m\u00e1s ic\u00f3nicas, como es el caso de esta nueva camiseta, que rinde homenaje a una de sus el\u00e1sticas m\u00e1s famosas, utilizada en la <strong>Copa del Mundo de Estados Unidos en el a\u00f1o 1994<\/strong>, o por ejemplo la de la actual campeona del mundo que reinterpreta la ic\u00f3nica camiseta de 1990 d\u00f3nde los alemanes ganaron el mundial&#8221;, a\u00f1ade Adidas.<\/p>\n<p style=\"text-align: center;\"><span style=\"color: #3366ff;\"><a href=\"https:\/\/www.futboltotal.com.mx\/futbol-internacional\/rusia-2018-la-ultima-oportunidad-ganar-mascherano\/2017\/11\">VER M\u00c1S: Rusia 2018, la \u00faltima oportunidad para ganar algo: Mascherano<\/a><\/span><\/p>\n<p>El fabricante alem\u00e1n explica que &#8220;el dise\u00f1o de la actual camiseta resume el coraje y la furia de la selecci\u00f3n espa\u00f1ola, con gr\u00e1ficos de diamante rojo, amarillo y azul, que representan las mejores cualidades de este equipo: velocidad, energ\u00eda y su conocido estilo de juego. La equipaci\u00f3n se completa con pantal\u00f3n azul petr\u00f3leo y medias negras&#8221;.<\/p>\n<p>La elaboraci\u00f3n de esta vestimenta &#8220;es un largo proceso de colaboraci\u00f3n entre ambas entidades, con plazos de hasta 18 meses antes de la presente competici\u00f3n, donde Adidas y la <strong>RFEF<\/strong> acuerdan el modelo, el dise\u00f1o y los colores que vestir\u00e1 nuestra selecci\u00f3n&#8221;, finaliz\u00f3.<\/p>\n<p>La nueva camiseta que vestir\u00e1 la selecci\u00f3n espa\u00f1ola de f\u00fatbol en el Mundial de Rusia de 2018 ha levantado pol\u00e9mica por un tono azul que por un efecto \u00f3ptico parec\u00eda morado, lo que a algunos les recuerda a la bandera republicana, por lo que Adidas ha querido aclarar que est\u00e1 &#8220;fuera de cualquier connotaci\u00f3n pol\u00edtica&#8221;. EFE<\/p>\n<p style=\"text-align: center;\"><span style=\"color: #3366ff;\"><a href=\"https:\/\/www.futboltotal.com.mx\/futbol-mexicano\/seleccion-mexicana\/juan-carlos-osorio-destaca-potencial-ofensivo-belgica\/2017\/11\">VER M\u00c1S: Juan Carlos Osorio destaca potencial ofensivo de B\u00e9lgica<\/a><\/span><\/p>\n","protected":false},"excerpt":{"rendered":"<p>La marca ha respondido tras la pol\u00e9mica que gener\u00f3 el nuevo uniforme.<\/p>\n","protected":false},"author":129,"featured_media":508295,"comment_status":"closed","ping_status":"closed","sticky":false,"template":"","format":"standard","meta":[],"categories":[3839],"tags":[1560,253,6214,11085,5829],"_links":{"self":[{"href":"http:\/\/desarrollo.grupomedios.com\/futbol\/wp-json\/wp\/v2\/posts\/508465"}],"collection":[{"href":"http:\/\/desarrollo.grupomedios.com\/futbol\/wp-json\/wp\/v2\/posts"}],"about":[{"href":"http:\/\/desarrollo.grupomedios.com\/futbol\/wp-json\/wp\/v2\/types\/post"}],"author":[{"embeddable":true,"href":"http:\/\/desarrollo.grupomedios.com\/futbol\/wp-json\/wp\/v2\/users\/129"}],"replies":[{"embeddable":true,"href":"http:\/\/desarrollo.grupomedios.com\/futbol\/wp-json\/wp\/v2\/comments?post=508465"}],"version-history":[{"count":1,"href":"http:\/\/desarrollo.grupomedios.com\/futbol\/wp-json\/wp\/v2\/posts\/508465\/revisions"}],"predecessor-version":[{"id":508467,"href":"http:\/\/desarrollo.grupomedios.com\/futbol\/wp-json\/wp\/v2\/posts\/508465\/revisions\/508467"}],"wp:featuredmedia":[{"embeddable":true,"href":"http:\/\/desarrollo.grupomedios.com\/futbol\/wp-json\/wp\/v2\/media\/508295"}],"wp:attachment":[{"href":"http:\/\/desarrollo.grupomedios.com\/futbol\/wp-json\/wp\/v2\/media?parent=508465"}],"wp:term":[{"taxonomy":"category","embeddable":true,"href":"http:\/\/desarrollo.grupomedios.com\/futbol\/wp-json\/wp\/v2\/categories?post=508465"},{"taxonomy":"post_tag","embeddable":true,"href":"http:\/\/desarrollo.grupomedios.com\/futbol\/wp-json\/wp\/v2\/tags?post=508465"}],"curies":[{"name":"wp","href":"https:\/\/api.w.org\/{rel}","templated":true}]}}