{"id":508493,"date":"2017-11-07T17:18:08","date_gmt":"2017-11-07T23:18:08","guid":{"rendered":"https:\/\/www.futboltotal.com.mx\/?p=508493"},"modified":"2017-11-07T17:18:08","modified_gmt":"2017-11-07T23:18:08","slug":"iker-casillas-le-gana-premio-golden-foot-2017-a-cristiano-messi","status":"publish","type":"post","link":"http:\/\/desarrollo.grupomedios.com\/futbol\/futbol-internacional\/iker-casillas-le-gana-premio-golden-foot-2017-a-cristiano-messi\/2017\/11","title":{"rendered":"Iker Casillas le gana el Premio Golden Foot 2017 a Cristiano y Messi"},"content":{"rendered":"<div id=\"texto\" class=\"texto_txt\">\n<div class=\"DETALLE_N_texto \">\n<p><strong><span id=\"ctl14_lblMostra\">POR: EFE<\/span><\/strong><\/p>\n<p><span id=\"ctl14_lblMostra\">El guardameta espa\u00f1ol <strong>Iker Casillas<\/strong> suma el <strong>Premio Golden Foot 2017<\/strong> a su amplio palmar\u00e9s tras recibirlo este martes en una gala en <strong>M\u00f3naco<\/strong>.<\/span><\/p>\n<p>El premio, que consiste en una r\u00e9plica del pie derecho del ganador ba\u00f1ada en oro, se otorga a un jugador en activo con al menos 28 a\u00f1os.<\/p>\n<p style=\"text-align: center;\"><a href=\"https:\/\/www.futboltotal.com.mx\/futbol-internacional\/este-mejor-portero-del-mundo-segun-oliver-kahn\/2017\/11\" target=\"_blank\" rel=\"noopener\"><span style=\"color: #333399;\">VER M\u00c1S: Oliver Khan confes\u00f3 para \u00e9l qui\u00e9n es el mejor portero del mundo<\/span><\/a><\/p>\n<p>&nbsp;<\/p>\n<blockquote class=\"twitter-tweet\" data-lang=\"es\">\n<p dir=\"ltr\" lang=\"es\">Muy feliz por el <a href=\"https:\/\/twitter.com\/hashtag\/GoldenFoot2017?src=hash&amp;ref_src=twsrc%5Etfw\">#GoldenFoot2017<\/a>! Gracias a todos por el apoyo &#x1f603; <a href=\"https:\/\/t.co\/rrPaZqcmdb\">pic.twitter.com\/rrPaZqcmdb<\/a><\/p>\n<p>\u2014 Iker Casillas (@IkerCasillas) <a href=\"https:\/\/twitter.com\/IkerCasillas\/status\/928012659022327808?ref_src=twsrc%5Etfw\">7 de noviembre de 2017<\/a><\/p><\/blockquote>\n<p><script async src=\"https:\/\/platform.twitter.com\/widgets.js\" charset=\"utf-8\"><\/script><\/p>\n<p><span id=\"ctl14_lblMostra\">Adem\u00e1s, Casillas inmortaliz\u00f3 sus manos durante el acto que estuvo presidido por el <strong>Pr\u00edncipe Alberto II<\/strong>, como informa el <strong>Porto<\/strong> en su p\u00e1gina web.<\/span><\/p>\n<p>&nbsp;<\/p>\n<blockquote class=\"twitter-video\" data-lang=\"es\">\n<p dir=\"ltr\" lang=\"pt\">&#x1f449; <a href=\"https:\/\/twitter.com\/IkerCasillas?ref_src=twsrc%5Etfw\">@IkerCasillas<\/a>, Golden Foot 2017<br \/>\n&#x1f399; &#8220;Agrade\u00e7o a quem pensou e votou em mim&#8221;<br \/>\n\u2139\ufe0f <a href=\"https:\/\/t.co\/oy1OprKoKF\">https:\/\/t.co\/oy1OprKoKF<\/a><a href=\"https:\/\/twitter.com\/hashtag\/FCPorto?src=hash&amp;ref_src=twsrc%5Etfw\">#FCPorto<\/a> <a href=\"https:\/\/twitter.com\/hashtag\/Casillas?src=hash&amp;ref_src=twsrc%5Etfw\">#Casillas<\/a> <a href=\"https:\/\/twitter.com\/hashtag\/GoldenFoot?src=hash&amp;ref_src=twsrc%5Etfw\">#GoldenFoot<\/a> <a href=\"https:\/\/t.co\/XbzTR5AqN0\">pic.twitter.com\/XbzTR5AqN0<\/a><\/p>\n<p>\u2014 FC Porto (@FCPorto) <a href=\"https:\/\/twitter.com\/FCPorto\/status\/928020879631683588?ref_src=twsrc%5Etfw\">7 de noviembre de 2017<\/a><\/p><\/blockquote>\n<p><script async src=\"https:\/\/platform.twitter.com\/widgets.js\" charset=\"utf-8\"><\/script><\/p>\n<p>Casillas se impuso en la 15\u00aa edici\u00f3n del Golden Foot 2017 a <strong>Sergio Ramos, Cristiano Ronaldo, Lionel Messi, Manuel Neuer, Arjen Robben, Thiago Silva, Luis Su\u00e1rez, Yaya Tour\u00e9<\/strong> y <strong>Andrea Pirlo<\/strong> en una votaci\u00f3n en la que participaron aficionados de todo el mundo.<\/p>\n<\/div>\n<\/div>\n","protected":false},"excerpt":{"rendered":"<p>El veterano portero espa\u00f1ol sum\u00f3 otro galard\u00f3n a su amplio palmar\u00e9s.<\/p>\n","protected":false},"author":154,"featured_media":508495,"comment_status":"closed","ping_status":"closed","sticky":false,"template":"","format":"standard","meta":[],"categories":[3839],"tags":[6078,6086,6013,1313,6019,6012,6016,6841,6093,1208,11092,6020,6010,6068],"_links":{"self":[{"href":"http:\/\/desarrollo.grupomedios.com\/futbol\/wp-json\/wp\/v2\/posts\/508493"}],"collection":[{"href":"http:\/\/desarrollo.grupomedios.com\/futbol\/wp-json\/wp\/v2\/posts"}],"about":[{"href":"http:\/\/desarrollo.grupomedios.com\/futbol\/wp-json\/wp\/v2\/types\/post"}],"author":[{"embeddable":true,"href":"http:\/\/desarrollo.grupomedios.com\/futbol\/wp-json\/wp\/v2\/users\/154"}],"replies":[{"embeddable":true,"href":"http:\/\/desarrollo.grupomedios.com\/futbol\/wp-json\/wp\/v2\/comments?post=508493"}],"version-history":[{"count":1,"href":"http:\/\/desarrollo.grupomedios.com\/futbol\/wp-json\/wp\/v2\/posts\/508493\/revisions"}],"predecessor-version":[{"id":508496,"href":"http:\/\/desarrollo.grupomedios.com\/futbol\/wp-json\/wp\/v2\/posts\/508493\/revisions\/508496"}],"wp:featuredmedia":[{"embeddable":true,"href":"http:\/\/desarrollo.grupomedios.com\/futbol\/wp-json\/wp\/v2\/media\/508495"}],"wp:attachment":[{"href":"http:\/\/desarrollo.grupomedios.com\/futbol\/wp-json\/wp\/v2\/media?parent=508493"}],"wp:term":[{"taxonomy":"category","embeddable":true,"href":"http:\/\/desarrollo.grupomedios.com\/futbol\/wp-json\/wp\/v2\/categories?post=508493"},{"taxonomy":"post_tag","embeddable":true,"href":"http:\/\/desarrollo.grupomedios.com\/futbol\/wp-json\/wp\/v2\/tags?post=508493"}],"curies":[{"name":"wp","href":"https:\/\/api.w.org\/{rel}","templated":true}]}}