{"id":508503,"date":"2017-11-07T18:46:12","date_gmt":"2017-11-08T00:46:12","guid":{"rendered":"https:\/\/www.futboltotal.com.mx\/?p=508503"},"modified":"2017-11-07T18:46:12","modified_gmt":"2017-11-08T00:46:12","slug":"queretaro-enfocado-en-hundir-a-pumas-en-apertura-2017","status":"publish","type":"post","link":"http:\/\/desarrollo.grupomedios.com\/futbol\/futbol-mexicano\/queretaro-enfocado-en-hundir-a-pumas-en-apertura-2017\/2017\/11","title":{"rendered":"Quer\u00e9taro, enfocado en hundir a Pumas en el Apertura 2017"},"content":{"rendered":"<p><strong>POR: EFE<\/strong><\/p>\n<p><span id=\"ctl14_lblMostra\">El delantero colombiano <strong>Yerson Candelo<\/strong>, de los <em>Gallos Blancos<\/em> de <strong>Quer\u00e9taro<\/strong> del futbol mexicano, asegur\u00f3 este martes que, aunque eliminado, su equipo se prepara para vencer a <strong>Pumas<\/strong> el 18 de noviembre para cerrar bien el torneo Apertura 2017.<\/p>\n<p>&#8220;Estamos enfocados en sumar tres puntos y en el siguiente torneo no regalar nada para estar en los primeros lugares y as\u00ed que esta ciudad (Quer\u00e9taro) mantenga un equipo en <strong>Primera Divisi\u00f3n<\/strong>&#8220;, sostuvo el atacante sobre la amenaza de descenso que sufren los Gallos.<\/p>\n<p>Candelo, de 25 a\u00f1os, coment\u00f3 que los jugadores del equipo est\u00e1n dolidos porque los resultados no se dieron en el <strong>Apertura 2017<\/strong>, lo cual tiene al conjunto en el decimosexto lugar de la tabla, pero hay una disposici\u00f3n a no rendirse y eso es importante.<\/span><\/p>\n<p style=\"text-align: center;\"><span id=\"ctl14_lblMostra\"><span style=\"color: #333399;\"><a href=\"https:\/\/www.futboltotal.com.mx\/futbol-mexicano\/tigres-quiere-superlider-depende\/2017\/11\">VER M\u00c1S: <span class=\"item-title\">Tigres quiere ser el superl\u00edder, pero no depende de ellos<\/span><\/a><\/span><\/span><\/p>\n<p style=\"text-align: left;\"><span id=\"ctl14_lblMostra\"><span style=\"color: #333399;\"><\/span>&#8220;Este es un equipo noble, carism\u00e1tico; todos trabajan sin guardarse nada, damos todo en la cancha y estamos frustrados por la situaci\u00f3n. Nosotros mismos entramos y podremos salir de esto&#8221;, dijo.<\/p>\n<p>El delantero oriundo de Valle del Cauca agreg\u00f3 que los futbolistas del Quer\u00e9taro est\u00e1n conscientes de la pobre temporada, pero mantienen las ganas de sacar al equipo de la mala situaci\u00f3n y ahora se empe\u00f1an en poner mucho trabajo para acabar bien contra Pumas.<\/p>\n<p>Los Gallos continuaron este martes su preparaci\u00f3n para el duelo ante los universitarios en la decimos\u00e9ptima jornada del Apertura, que se jugar\u00e1 del 17 al 19 de noviembre. <\/span><\/p>\n<p style=\"text-align: center;\"><span style=\"color: #333399;\"><a href=\"https:\/\/www.futboltotal.com.mx\/futbol-mexicano\/salon-la-fama-ultimo-anhelo-don-carlos-miloc\/2017\/11\">VER M\u00c1S: <span class=\"item-title\">El Sal\u00f3n de la Fama, el \u00faltimo anhelo de Don Carlos Miloc<\/span><\/a><\/span><\/p>\n","protected":false},"excerpt":{"rendered":"<p>El delantero Yerson Candelo asegur\u00f3 que los puntos son vitales para los Gallos Blancos<\/p>\n","protected":false},"author":160,"featured_media":508504,"comment_status":"closed","ping_status":"closed","sticky":false,"template":"","format":"standard","meta":[],"categories":[2198,3845],"tags":[8357,64,74,5970,11043],"_links":{"self":[{"href":"http:\/\/desarrollo.grupomedios.com\/futbol\/wp-json\/wp\/v2\/posts\/508503"}],"collection":[{"href":"http:\/\/desarrollo.grupomedios.com\/futbol\/wp-json\/wp\/v2\/posts"}],"about":[{"href":"http:\/\/desarrollo.grupomedios.com\/futbol\/wp-json\/wp\/v2\/types\/post"}],"author":[{"embeddable":true,"href":"http:\/\/desarrollo.grupomedios.com\/futbol\/wp-json\/wp\/v2\/users\/160"}],"replies":[{"embeddable":true,"href":"http:\/\/desarrollo.grupomedios.com\/futbol\/wp-json\/wp\/v2\/comments?post=508503"}],"version-history":[{"count":1,"href":"http:\/\/desarrollo.grupomedios.com\/futbol\/wp-json\/wp\/v2\/posts\/508503\/revisions"}],"predecessor-version":[{"id":508505,"href":"http:\/\/desarrollo.grupomedios.com\/futbol\/wp-json\/wp\/v2\/posts\/508503\/revisions\/508505"}],"wp:featuredmedia":[{"embeddable":true,"href":"http:\/\/desarrollo.grupomedios.com\/futbol\/wp-json\/wp\/v2\/media\/508504"}],"wp:attachment":[{"href":"http:\/\/desarrollo.grupomedios.com\/futbol\/wp-json\/wp\/v2\/media?parent=508503"}],"wp:term":[{"taxonomy":"category","embeddable":true,"href":"http:\/\/desarrollo.grupomedios.com\/futbol\/wp-json\/wp\/v2\/categories?post=508503"},{"taxonomy":"post_tag","embeddable":true,"href":"http:\/\/desarrollo.grupomedios.com\/futbol\/wp-json\/wp\/v2\/tags?post=508503"}],"curies":[{"name":"wp","href":"https:\/\/api.w.org\/{rel}","templated":true}]}}