{"id":508533,"date":"2017-11-08T08:43:22","date_gmt":"2017-11-08T14:43:22","guid":{"rendered":"https:\/\/www.futboltotal.com.mx\/?p=508533"},"modified":"2017-11-08T08:43:22","modified_gmt":"2017-11-08T14:43:22","slug":"relacion-neymar-unai-emery-eleva-la-tension-en-psg","status":"publish","type":"post","link":"http:\/\/desarrollo.grupomedios.com\/futbol\/futbol-internacional\/relacion-neymar-unai-emery-eleva-la-tension-en-psg\/2017\/11","title":{"rendered":"Relaci\u00f3n entre Neymar y Unai Emery eleva la tensi\u00f3n en el PSG"},"content":{"rendered":"<div id=\"texto\" class=\"texto_txt\">\n<div class=\"DETALLE_N_texto \">\n<p><strong><span id=\"ctl14_lblMostra\">POR: EFE<\/span><\/strong><\/p>\n<p><span id=\"ctl14_lblMostra\">Las relaciones entre el brasile\u00f1o <strong>Neymar<\/strong> y el espa\u00f1ol <strong>Unai Emery<\/strong>, entrenador en el <strong>Paris Saint-Germain<\/strong> (<strong>PSG<\/strong>), se han deteriorado hasta el punto de abrir entre los dos una &#8220;brecha&#8221;, seg\u00fan publica el diario deportivo franc\u00e9s L&#8217;\u00c9quipe.<\/p>\n<p>El rotativo destaca que Neymar &#8220;soporta cada vez menos a Emery, y lo manifiesta cada vez m\u00e1s&#8221;, sobre todo en un episodio del pasado 20 de octubre, cuando lanz\u00f3 un bal\u00f3n contra la pared para mostrar su disconformidad con la decisi\u00f3n del t\u00e9cnico de enviarlo a estirar con sus compa\u00f1eros, mientras que \u00e9l prefer\u00eda seguir entrenando.<\/p>\n<p>Sin embargo, L&#8217;\u00c9quipe sit\u00faa el comienzo de esas tensiones en la gesti\u00f3n que Emery hizo del pol\u00e9mico penalti que se disputaron Neymar y su compa\u00f1ero <strong>Edinson\u00a0Cavani<\/strong> en un partido en septiembre contra el <strong>Lyon<\/strong> (conocido ya en Francia como el &#8216;<strong>Penaltygate<\/strong>&#8216;).<\/span><\/p>\n<p style=\"text-align: center;\"><span id=\"ctl14_lblMostra\"><a href=\"https:\/\/www.futboltotal.com.mx\/futbol-mexicano\/liga-mx\/lista-la-generacion-2017-del-salon-la-fama\/2017\/11\" target=\"_blank\" rel=\"noopener\"><span style=\"color: #333399;\">VER M\u00c1S: Lista la generaci\u00f3n 2017 del Sal\u00f3n de la Fama del Futbol<\/span><\/a><\/span><\/p>\n<p><span id=\"ctl14_lblMostra\">Al brasile\u00f1o le molest\u00f3 que el entrenador espa\u00f1ol &#8220;no se pronunciase de forma cristalina&#8221; sobre el enfrentamiento, y que tuviera que ser un &#8220;peque\u00f1o grupo de &#8216;sabios'&#8221; formado por <strong>Thiago Motta, Thiago Silva<\/strong> y <strong>Daniel Alves<\/strong>, quien interviniese para resolver la fricci\u00f3n entre Neymar y el delantero uruguayo.<\/p>\n<p>Desde aquel momento, el internacional brasile\u00f1o se muestra &#8220;mucho m\u00e1s expresivo&#8221; en el d\u00eda a d\u00eda y &#8220;grita fuerte&#8221; a Emery cuando \u00e9ste no pita faltas contra \u00e9l en los partidillos de entrenamiento.<\/p>\n<p>Una fuente que suele estar presente en los entrenamientos revela que Neymar hace saber con un gesto o una mirada al t\u00e9cnico que no est\u00e1 dispuesto a escucharle y que quiere que les deje tranquilos.<\/p>\n<p>Adem\u00e1s, siempre seg\u00fan L&#8217;\u00c9quipe, esta brecha afecta tambi\u00e9n a Emery con parte del vestuario, que compara su estilo con el que ten\u00eda <strong>Carlo Ancelotti<\/strong>, m\u00e1s cercano a los jugadores.<\/p>\n<p>Pese a todo, recuerda el diario, Neymar sigue &#8220;feliz&#8221; de haberse incorporado al PSG y esas tensiones internas no han tenido una traducci\u00f3n en los resultados, pues el club parisino permanece invicto en todas las competiciones y ha impresionado a Europa por sus partidos en <strong>Champions League<\/strong>.<\/span><\/p>\n<\/div>\n<\/div>\n","protected":false},"excerpt":{"rendered":"<p>El trato entre el crack brasile\u00f1o y el t\u00e9cnico de los parisinos estar\u00eda en su peor momento.<\/p>\n","protected":false},"author":154,"featured_media":508536,"comment_status":"closed","ping_status":"closed","sticky":false,"template":"","format":"standard","meta":[],"categories":[3839,9609],"tags":[6001,1376,114,5725],"_links":{"self":[{"href":"http:\/\/desarrollo.grupomedios.com\/futbol\/wp-json\/wp\/v2\/posts\/508533"}],"collection":[{"href":"http:\/\/desarrollo.grupomedios.com\/futbol\/wp-json\/wp\/v2\/posts"}],"about":[{"href":"http:\/\/desarrollo.grupomedios.com\/futbol\/wp-json\/wp\/v2\/types\/post"}],"author":[{"embeddable":true,"href":"http:\/\/desarrollo.grupomedios.com\/futbol\/wp-json\/wp\/v2\/users\/154"}],"replies":[{"embeddable":true,"href":"http:\/\/desarrollo.grupomedios.com\/futbol\/wp-json\/wp\/v2\/comments?post=508533"}],"version-history":[{"count":1,"href":"http:\/\/desarrollo.grupomedios.com\/futbol\/wp-json\/wp\/v2\/posts\/508533\/revisions"}],"predecessor-version":[{"id":508537,"href":"http:\/\/desarrollo.grupomedios.com\/futbol\/wp-json\/wp\/v2\/posts\/508533\/revisions\/508537"}],"wp:featuredmedia":[{"embeddable":true,"href":"http:\/\/desarrollo.grupomedios.com\/futbol\/wp-json\/wp\/v2\/media\/508536"}],"wp:attachment":[{"href":"http:\/\/desarrollo.grupomedios.com\/futbol\/wp-json\/wp\/v2\/media?parent=508533"}],"wp:term":[{"taxonomy":"category","embeddable":true,"href":"http:\/\/desarrollo.grupomedios.com\/futbol\/wp-json\/wp\/v2\/categories?post=508533"},{"taxonomy":"post_tag","embeddable":true,"href":"http:\/\/desarrollo.grupomedios.com\/futbol\/wp-json\/wp\/v2\/tags?post=508533"}],"curies":[{"name":"wp","href":"https:\/\/api.w.org\/{rel}","templated":true}]}}