{"id":508538,"date":"2017-11-08T09:28:59","date_gmt":"2017-11-08T15:28:59","guid":{"rendered":"https:\/\/www.futboltotal.com.mx\/?p=508538"},"modified":"2017-11-08T09:28:59","modified_gmt":"2017-11-08T15:28:59","slug":"messi-explota-convocan-masche-di-maria-por-ser-mis-amigos","status":"publish","type":"post","link":"http:\/\/desarrollo.grupomedios.com\/futbol\/futbol-internacional\/messi-explota-convocan-masche-di-maria-por-ser-mis-amigos\/2017\/11","title":{"rendered":"Messi explota: &#8220;\u00bfConvocan a Masche y Di Mar\u00eda por ser mis amigos?&#8221;"},"content":{"rendered":"<p>El astro <strong>Lionel Messi<\/strong>, actualmente concentrado con <strong>Argentina<\/strong> para disputar el partido amistoso ante <strong>Rusia<\/strong>, pr\u00f3ximo anfitri\u00f3n del <strong>Mundial 2018<\/strong>, dio una serie de entrevistas a medios de comunicaci\u00f3n en las que habl\u00f3 de distintos temas, entre ellos los rumores que se\u00f1alan que algunos futbolistas son convocados a la Albiceleste por ser amigos de <strong>Lio<\/strong>.<\/p>\n<p>El propio jugador del <strong>Barcelona<\/strong> se encarg\u00f3 de desmentirlo en una charla con TyC Sports, en la que mencion\u00f3 nombres propios y asegur\u00f3 que es una falta de respeto tanto para sus compa\u00f1eros como para \u00e9l.<\/p>\n<p style=\"text-align: center;\"><a href=\"https:\/\/www.futboltotal.com.mx\/futbol-internacional\/liga-de-francia-futbol-internacional\/relacion-neymar-unai-emery-eleva-la-tension-en-psg\/2017\/11\" target=\"_blank\" rel=\"noopener\"><span style=\"color: #333399;\">VER M\u00c1S: Relaci\u00f3n entre Neymar y Emery eleva la tensi\u00f3n en el PSG<\/span><\/a><\/p>\n<p>&#8220;Me r\u00edo porque son tantas barbaridades que se dijeron, los que est\u00e1n no es que son cualquiera, sino <strong>Di Mar\u00eda<\/strong>, el &#8216;<strong>Pipa<\/strong>&#8216; (<strong>Higua\u00edn<\/strong>) Masche (<strong>Mascherano<\/strong>), <strong>Lucas<\/strong> (<strong>Biglia<\/strong>), son figuras en el mundo.<\/p>\n<p>&#8220;Que digan que juegan porque son amigos m\u00edos es una falta de respeto hacia m\u00ed y hacia ellos. Jam\u00e1s puse ni saqu\u00e9 a ning\u00fan jugador de la Selecci\u00f3n ni lo voy a hacer porque no es mi forma de ser, estoy para sumar y nada m\u00e1s&#8221;, dijo <strong>La Pulga<\/strong>.<\/p>\n<p><iframe loading=\"lazy\" src=\"https:\/\/www.youtube.com\/embed\/wszyQO5CX-o?start=501\" frameborder=\"0\" allowfullscreen=\"allowfullscreen\"><\/iframe><\/p>\n<p>Durante la entrevista, Messi habl\u00f3 de varios temas, como la selecci\u00f3n que le gustar\u00eda evitar en el pr\u00f3ximo Mundial, una charla pendiente que tiene con <strong>Diego Maradona<\/strong> o el sufrimiento que vivi\u00f3 cuando Argentina parec\u00eda quedarse fuera del Mundial Rusia 2018.<\/p>\n<p>&#8220;No pod\u00edamos quedar afuera del Mundial, lo sufrimos. Siempre volv\u00eda a Barcelona haciendo cuentas de qu\u00e9 ten\u00eda que pasar para clasificar al Mundial (&#8230;) Prefiero evitar a <strong>Espa\u00f1a<\/strong> en la fase de grupos porque es un rival muy dif\u00edcil&#8221;, confes\u00f3 el astro.<\/p>\n","protected":false},"excerpt":{"rendered":"<p>La Pulga descart\u00f3 que llamen a jugadores a la Albiceleste por ser sus amigos.<\/p>\n","protected":false},"author":154,"featured_media":508543,"comment_status":"closed","ping_status":"closed","sticky":false,"template":"","format":"standard","meta":[],"categories":[3839],"tags":[2020,5996,701,6012,5657,2337],"_links":{"self":[{"href":"http:\/\/desarrollo.grupomedios.com\/futbol\/wp-json\/wp\/v2\/posts\/508538"}],"collection":[{"href":"http:\/\/desarrollo.grupomedios.com\/futbol\/wp-json\/wp\/v2\/posts"}],"about":[{"href":"http:\/\/desarrollo.grupomedios.com\/futbol\/wp-json\/wp\/v2\/types\/post"}],"author":[{"embeddable":true,"href":"http:\/\/desarrollo.grupomedios.com\/futbol\/wp-json\/wp\/v2\/users\/154"}],"replies":[{"embeddable":true,"href":"http:\/\/desarrollo.grupomedios.com\/futbol\/wp-json\/wp\/v2\/comments?post=508538"}],"version-history":[{"count":2,"href":"http:\/\/desarrollo.grupomedios.com\/futbol\/wp-json\/wp\/v2\/posts\/508538\/revisions"}],"predecessor-version":[{"id":508545,"href":"http:\/\/desarrollo.grupomedios.com\/futbol\/wp-json\/wp\/v2\/posts\/508538\/revisions\/508545"}],"wp:featuredmedia":[{"embeddable":true,"href":"http:\/\/desarrollo.grupomedios.com\/futbol\/wp-json\/wp\/v2\/media\/508543"}],"wp:attachment":[{"href":"http:\/\/desarrollo.grupomedios.com\/futbol\/wp-json\/wp\/v2\/media?parent=508538"}],"wp:term":[{"taxonomy":"category","embeddable":true,"href":"http:\/\/desarrollo.grupomedios.com\/futbol\/wp-json\/wp\/v2\/categories?post=508538"},{"taxonomy":"post_tag","embeddable":true,"href":"http:\/\/desarrollo.grupomedios.com\/futbol\/wp-json\/wp\/v2\/tags?post=508538"}],"curies":[{"name":"wp","href":"https:\/\/api.w.org\/{rel}","templated":true}]}}