{"id":508539,"date":"2017-11-08T09:16:57","date_gmt":"2017-11-08T15:16:57","guid":{"rendered":"https:\/\/www.futboltotal.com.mx\/?p=508539"},"modified":"2017-11-08T09:23:24","modified_gmt":"2017-11-08T15:23:24","slug":"los-23-mexico-rusia-2018-llevarias-a-este-plantel","status":"publish","type":"post","link":"http:\/\/desarrollo.grupomedios.com\/futbol\/destacado-home\/los-23-mexico-rusia-2018-llevarias-a-este-plantel\/2017\/11","title":{"rendered":"Los 23 de M\u00e9xico para Rusia 2018, \u00bfLlevar\u00edas a este plantel?"},"content":{"rendered":"<p>El <strong>Mundial de Rusia 2018<\/strong> est\u00e1 a la vuelta de la esquina y la <strong>Selecci\u00f3n Mexicana<\/strong> tendr\u00e1 la oportunidad de romper con todos los fantasmas que la rodean, para ello es muy importante la selecci\u00f3n que realice el estratega colombiano, <strong>Juan Carlos Osorio,<\/strong> los futbolistas que terminen por llenarle el ojo ser\u00e1n los que dictaminen su futuro.<\/p>\n<p>Ser\u00e1n <strong>23 los seleccionados<\/strong> que terminar\u00e1n por subir al avi\u00f3n con destino a <strong>Rusia<\/strong>, la que hacemos aqu\u00ed es una combinaci\u00f3n de lo que se ha venido manifestando en la eliminatoria de <strong>Concacaf,<\/strong> pero siempre existen sorpresas, por lo que debe tomarse como una referencia pero con una cr\u00edtica abierta hacia algunos futbolistas.<\/p>\n<p style=\"text-align: center;\"><a href=\"https:\/\/www.futboltotal.com.mx\/futbol-internacional\/liga-de-francia-futbol-internacional\/relacion-neymar-unai-emery-eleva-la-tension-en-psg\/2017\/11\">VER M\u00c1S: Relaci\u00f3n entre Neymar y Unai Emery eleva la tensi\u00f3n en el PSG<\/a><\/p>\n<p>Es una invitaci\u00f3n a comenzar para anticiparse a la lista el <strong>Tri<\/strong> y abrir un debate, <strong>\u00bfqui\u00e9n debe ir?<\/strong>,\u00a0<strong>\u00bfqu\u00e9 argumentos tiene para estar en la Copa del Mundo?<\/strong> Y todos los cuestionamientos que se dan previo a una lista para la justa mundialista.<\/p>\n<p><script type=\"text\/javascript\" src=\"\/\/cdn.playbuzz.com\/widget\/feed.js\"><\/script><\/p>\n<div class=\"pb_feed\" data-embed-by=\"d43f3879-83ed-40bc-99d7-fde80605466f\" data-item=\"04670c06-4815-4db2-8fcb-7a4765e25c86\" data-version=\"2\"><\/div>\n","protected":false},"excerpt":{"rendered":"<p>Estos pueden ser los definitivos para la justa mundialista<\/p>\n","protected":false},"author":159,"featured_media":508540,"comment_status":"closed","ping_status":"closed","sticky":false,"template":"","format":"standard","meta":[],"categories":[5,2198,3847],"tags":[125,65,2232,409],"_links":{"self":[{"href":"http:\/\/desarrollo.grupomedios.com\/futbol\/wp-json\/wp\/v2\/posts\/508539"}],"collection":[{"href":"http:\/\/desarrollo.grupomedios.com\/futbol\/wp-json\/wp\/v2\/posts"}],"about":[{"href":"http:\/\/desarrollo.grupomedios.com\/futbol\/wp-json\/wp\/v2\/types\/post"}],"author":[{"embeddable":true,"href":"http:\/\/desarrollo.grupomedios.com\/futbol\/wp-json\/wp\/v2\/users\/159"}],"replies":[{"embeddable":true,"href":"http:\/\/desarrollo.grupomedios.com\/futbol\/wp-json\/wp\/v2\/comments?post=508539"}],"version-history":[{"count":1,"href":"http:\/\/desarrollo.grupomedios.com\/futbol\/wp-json\/wp\/v2\/posts\/508539\/revisions"}],"predecessor-version":[{"id":508541,"href":"http:\/\/desarrollo.grupomedios.com\/futbol\/wp-json\/wp\/v2\/posts\/508539\/revisions\/508541"}],"wp:featuredmedia":[{"embeddable":true,"href":"http:\/\/desarrollo.grupomedios.com\/futbol\/wp-json\/wp\/v2\/media\/508540"}],"wp:attachment":[{"href":"http:\/\/desarrollo.grupomedios.com\/futbol\/wp-json\/wp\/v2\/media?parent=508539"}],"wp:term":[{"taxonomy":"category","embeddable":true,"href":"http:\/\/desarrollo.grupomedios.com\/futbol\/wp-json\/wp\/v2\/categories?post=508539"},{"taxonomy":"post_tag","embeddable":true,"href":"http:\/\/desarrollo.grupomedios.com\/futbol\/wp-json\/wp\/v2\/tags?post=508539"}],"curies":[{"name":"wp","href":"https:\/\/api.w.org\/{rel}","templated":true}]}}