{"id":508547,"date":"2017-11-08T10:00:38","date_gmt":"2017-11-08T16:00:38","guid":{"rendered":"https:\/\/www.futboltotal.com.mx\/?p=508547"},"modified":"2017-11-08T10:00:38","modified_gmt":"2017-11-08T16:00:38","slug":"jugador-atlas-estara-a-prueba-villarreal","status":"publish","type":"post","link":"http:\/\/desarrollo.grupomedios.com\/futbol\/futbol-mexicano\/jugador-atlas-estara-a-prueba-villarreal\/2017\/11","title":{"rendered":"Jugador de Atlas estar\u00e1 a prueba con el Villarreal"},"content":{"rendered":"<p><strong>POR: STAFF FT<\/strong><\/p>\n<p>Luego de la desafortunada participaci\u00f3n de la <strong>Selecci\u00f3n Mexicana<\/strong> en el <strong>Mundial Sub-17<\/strong> de la India, los futbolistas aztecas no pasaron desapercibidos en el panorama internacional pues la vitrina sigue siendo importante, por ello ahora un futbolista del <strong>Atlas<\/strong> ha sido llevado a prueba con el <strong>Villarreal de Espa\u00f1a<\/strong>.<\/p>\n<p>El juvenil <strong>Rojinegro<\/strong>,\u00a0<b>Jairo Torres<\/b>\u00a0viaj\u00f3 a Espa\u00f1a para trabajar por un breve espacio de diez d\u00edas con el <strong>Submarino Amarillo<\/strong>, club que le solicit\u00f3 al Atlas la posibilidad de observarlo para saber si se queda con el futbolista de forma definitiva, lo que abrir\u00eda una oportunidad muy importante en su carrera que apenas comienza para el jugador de tan<strong> s\u00f3lo 16 a\u00f1os<\/strong>.<\/p>\n<p style=\"text-align: center;\"><a href=\"https:\/\/www.futboltotal.com.mx\/futbol-mexicano\/seleccion-mexicana\/los-23-mexico-rusia-2018-llevarias-a-este-plantel\/2017\/11\">VER M\u00c1S: Los 23 de M\u00e9xico para Rusia 2018, \u00bfLlevar\u00edas a este plantel?<\/a><\/p>\n<p>Torres ya debut\u00f3 en la m\u00e1xima categor\u00eda de la <strong>Liga MX<\/strong>, pues el estratega de los Zorros,\u00a0<b>Jos\u00e9 Guadalupe Cruz,\u00a0<\/b>hizo ingresar al futbolista ante <strong>Jaguares<\/strong> en el pasado <strong>Clausura 2016<\/strong>, debutando con el dorsal 333 y donde logr\u00f3 mostrar sus cualidades que lo llevaron a ser convocado por\u00a0<b>Mario Arteaga\u00a0<\/b>para la Selecci\u00f3n Mexicana Sub-17 para disputar el Mundial de la categor\u00eda.<\/p>\n<div class=\"body is-zoomable\">\n<p>Por lo pronto, la directiva del <strong>Atlas<\/strong> se encuentra en espera de la decisi\u00f3n final del <strong>Villarreal<\/strong> y en cuanto al tema de la negociaci\u00f3n, desean que para el bien del jugador puedan lograr traspasarlo y se quede a jugar en el futbol de Espa\u00f1a, para que tenga un crecimiento profesional adecuado y con miras en los siguientes procesos de <strong>Selecci\u00f3n Mexicana<\/strong>.<\/p>\n<p style=\"text-align: center;\"><a href=\"https:\/\/www.futboltotal.com.mx\/futbol-internacional\/liga-de-francia-futbol-internacional\/relacion-neymar-unai-emery-eleva-la-tension-en-psg\/2017\/11\">VER M\u00c1S: Relaci\u00f3n entre Neymar y Unai Emery eleva la tensi\u00f3n en el PSG<\/a><\/p>\n<p>&nbsp;<\/p>\n<\/div>\n","protected":false},"excerpt":{"rendered":"<p>El canterano Rojinegro espera llenarle el ojo al Submarino Amarillo y quedarse en Espa\u00f1a<\/p>\n","protected":false},"author":159,"featured_media":508548,"comment_status":"closed","ping_status":"closed","sticky":false,"template":"","format":"standard","meta":[],"categories":[2198,3845],"tags":[5961,253,11099,64,2607],"_links":{"self":[{"href":"http:\/\/desarrollo.grupomedios.com\/futbol\/wp-json\/wp\/v2\/posts\/508547"}],"collection":[{"href":"http:\/\/desarrollo.grupomedios.com\/futbol\/wp-json\/wp\/v2\/posts"}],"about":[{"href":"http:\/\/desarrollo.grupomedios.com\/futbol\/wp-json\/wp\/v2\/types\/post"}],"author":[{"embeddable":true,"href":"http:\/\/desarrollo.grupomedios.com\/futbol\/wp-json\/wp\/v2\/users\/159"}],"replies":[{"embeddable":true,"href":"http:\/\/desarrollo.grupomedios.com\/futbol\/wp-json\/wp\/v2\/comments?post=508547"}],"version-history":[{"count":1,"href":"http:\/\/desarrollo.grupomedios.com\/futbol\/wp-json\/wp\/v2\/posts\/508547\/revisions"}],"predecessor-version":[{"id":508549,"href":"http:\/\/desarrollo.grupomedios.com\/futbol\/wp-json\/wp\/v2\/posts\/508547\/revisions\/508549"}],"wp:featuredmedia":[{"embeddable":true,"href":"http:\/\/desarrollo.grupomedios.com\/futbol\/wp-json\/wp\/v2\/media\/508548"}],"wp:attachment":[{"href":"http:\/\/desarrollo.grupomedios.com\/futbol\/wp-json\/wp\/v2\/media?parent=508547"}],"wp:term":[{"taxonomy":"category","embeddable":true,"href":"http:\/\/desarrollo.grupomedios.com\/futbol\/wp-json\/wp\/v2\/categories?post=508547"},{"taxonomy":"post_tag","embeddable":true,"href":"http:\/\/desarrollo.grupomedios.com\/futbol\/wp-json\/wp\/v2\/tags?post=508547"}],"curies":[{"name":"wp","href":"https:\/\/api.w.org\/{rel}","templated":true}]}}