{"id":508561,"date":"2017-11-08T11:20:20","date_gmt":"2017-11-08T17:20:20","guid":{"rendered":"https:\/\/www.futboltotal.com.mx\/?p=508561"},"modified":"2017-11-08T11:20:20","modified_gmt":"2017-11-08T17:20:20","slug":"thierry-henry-sorprende-visita-a-la-seleccion-mexicana","status":"publish","type":"post","link":"http:\/\/desarrollo.grupomedios.com\/futbol\/destacado-home\/thierry-henry-sorprende-visita-a-la-seleccion-mexicana\/2017\/11","title":{"rendered":"Thierry Henry sorprende con visita a la Selecci\u00f3n Mexicana"},"content":{"rendered":"<p>La <strong>Selecci\u00f3n Mexicana<\/strong> sigue su preparaci\u00f3n para el primer partido amistoso que disputar\u00e1 en su gira por <strong>Europa<\/strong>, siendo la primera parada en <strong>B\u00e9lgica<\/strong>, sede en la que durante su \u00faltimo entrenamiento recibieron una visita sorpresa, la del ex goleador franc\u00e9s <strong>Thierry Henry<\/strong>.<\/p>\n<p>&#8216;<strong>Titi<\/strong>&#8216;, quien actualmente es auxiliar t\u00e9cnico del entrenador de la selecci\u00f3n belga, <strong>Roberto Mart\u00ednez<\/strong>, apareci\u00f3 en la pr\u00e1ctica del <strong>Tri<\/strong> a d\u00edas de que el combinado azteca y los &#8216;<strong>Diablos Rojos<\/strong>&#8216; se enfrenten en partido amistoso.<\/p>\n<p style=\"text-align: center;\"><a href=\"https:\/\/www.futboltotal.com.mx\/futbol-mexicano\/seleccion-mexicana\/los-23-mexico-rusia-2018-llevarias-a-este-plantel\/2017\/11\" target=\"_blank\" rel=\"noopener\"><span style=\"color: #333399;\">VER M\u00c1S: Los 23 de M\u00e9xico para Rusia 2018, \u00bfLlevar\u00eda a este plantel al Mundial?<\/span><\/a><\/p>\n<div id=\"attachment_508563\" style=\"width: 1034px\" class=\"wp-caption aligncenter\"><img aria-describedby=\"caption-attachment-508563\" decoding=\"async\" loading=\"lazy\" class=\"size-large wp-image-508563\" src=\"https:\/\/www.futboltotal.com.mx\/wp-content\/uploads\/2017\/11\/thierry-henry-sorprende-visita-a-la-seleccion-mexicana-1024x576.jpg\" alt=\"Thierry Henry sorprende con visita a la Selecci\u00f3n Mexicana\" srcset=\"http:\/\/desarrollo.grupomedios.com\/futbol\/wp-content\/uploads\/2017\/11\/thierry-henry-sorprende-visita-a-la-seleccion-mexicana-1024x576.jpg 1024w, http:\/\/desarrollo.grupomedios.com\/futbol\/wp-content\/uploads\/2017\/11\/thierry-henry-sorprende-visita-a-la-seleccion-mexicana-300x169.jpg 300w, http:\/\/desarrollo.grupomedios.com\/futbol\/wp-content\/uploads\/2017\/11\/thierry-henry-sorprende-visita-a-la-seleccion-mexicana-768x432.jpg 768w, http:\/\/desarrollo.grupomedios.com\/futbol\/wp-content\/uploads\/2017\/11\/thierry-henry-sorprende-visita-a-la-seleccion-mexicana-393x221.jpg 393w, http:\/\/desarrollo.grupomedios.com\/futbol\/wp-content\/uploads\/2017\/11\/thierry-henry-sorprende-visita-a-la-seleccion-mexicana.jpg 1136w\" sizes=\"(max-width: 1024px) 100vw, 1024px\" \/><p id=\"caption-attachment-508563\" class=\"wp-caption-text\">Thierry Henry sorprende con visita a la Selecci\u00f3n Mexicana<\/p><\/div>\n<p>Mexicanos y belgas disputar\u00e1n el juego en el <strong>Estadio Rey Balduino<\/strong> y el Tri hab\u00eda entrenado en las canchas alrededor de este inmueble, aunque en esta \u00faltima pr\u00e1ctica tuvo que hacer uso de una sede alterna, el B<strong>elgian Football Center<\/strong>, debido al estado del c\u00e9sped.<\/p>\n<p>&nbsp;<\/p>\n<blockquote class=\"twitter-video\" data-lang=\"es\">\n<p dir=\"ltr\" lang=\"es\">Prepar\u00e1ndonos para volver a la cancha&#8230;<\/p>\n<p>\u00a1Aqu\u00ed se trabaja con todo! &#x1f44a;&#x1f3fc;&#x1f51d;&#x1f525;<a href=\"https:\/\/twitter.com\/hashtag\/SoyM%C3%A9xico?src=hash&amp;ref_src=twsrc%5Etfw\">#SoyM\u00e9xico<\/a> <a href=\"https:\/\/t.co\/kU7b10iLmf\">pic.twitter.com\/kU7b10iLmf<\/a><\/p>\n<p>\u2014 Selecci\u00f3n Nacional (@miseleccionmx) <a href=\"https:\/\/twitter.com\/miseleccionmx\/status\/928283956100980738?ref_src=twsrc%5Etfw\">8 de noviembre de 2017<\/a><\/p><\/blockquote>\n<p><script async src=\"https:\/\/platform.twitter.com\/widgets.js\" charset=\"utf-8\"><\/script><\/p>\n<p>Henry apareci\u00f3 durante el entrenamiento mexicano y pos\u00f3 junto al t\u00e9cnico colombiano <strong>Juan Carlos Osorio<\/strong>, lo cual llam\u00f3 la atenci\u00f3n pues se puede decir que el ex ariete franc\u00e9s era un &#8216;infiltrado&#8217; de B\u00e9lgica.<\/p>\n<p>&nbsp;<\/p>\n<blockquote class=\"twitter-video\" data-lang=\"es\">\n<p dir=\"ltr\" lang=\"es\">Control, giro y conducci\u00f3n&#8230; \u00a1Venga! \u26bd\ufe0f&#x1f3c3;&#x1f3fb;<a href=\"https:\/\/twitter.com\/hashtag\/SoyM%C3%A9xico?src=hash&amp;ref_src=twsrc%5Etfw\">#SoyM\u00e9xico<\/a> <a href=\"https:\/\/t.co\/5UEGQssCrC\">pic.twitter.com\/5UEGQssCrC<\/a><\/p>\n<p>\u2014 Selecci\u00f3n Nacional (@miseleccionmx) <a href=\"https:\/\/twitter.com\/miseleccionmx\/status\/928292690273464320?ref_src=twsrc%5Etfw\">8 de noviembre de 2017<\/a><\/p><\/blockquote>\n<p><script async src=\"https:\/\/platform.twitter.com\/widgets.js\" charset=\"utf-8\"><\/script><\/p>\n","protected":false},"excerpt":{"rendered":"<p>&#8216;Titi&#8217; pos\u00f3 junto al t\u00e9cnico del Tri, Juan Carlos Osorio.<\/p>\n","protected":false},"author":154,"featured_media":508563,"comment_status":"closed","ping_status":"closed","sticky":false,"template":"","format":"standard","meta":[],"categories":[5,3839,2198,3847],"tags":[1762,599,352,6196,65,949,409],"_links":{"self":[{"href":"http:\/\/desarrollo.grupomedios.com\/futbol\/wp-json\/wp\/v2\/posts\/508561"}],"collection":[{"href":"http:\/\/desarrollo.grupomedios.com\/futbol\/wp-json\/wp\/v2\/posts"}],"about":[{"href":"http:\/\/desarrollo.grupomedios.com\/futbol\/wp-json\/wp\/v2\/types\/post"}],"author":[{"embeddable":true,"href":"http:\/\/desarrollo.grupomedios.com\/futbol\/wp-json\/wp\/v2\/users\/154"}],"replies":[{"embeddable":true,"href":"http:\/\/desarrollo.grupomedios.com\/futbol\/wp-json\/wp\/v2\/comments?post=508561"}],"version-history":[{"count":1,"href":"http:\/\/desarrollo.grupomedios.com\/futbol\/wp-json\/wp\/v2\/posts\/508561\/revisions"}],"predecessor-version":[{"id":508565,"href":"http:\/\/desarrollo.grupomedios.com\/futbol\/wp-json\/wp\/v2\/posts\/508561\/revisions\/508565"}],"wp:featuredmedia":[{"embeddable":true,"href":"http:\/\/desarrollo.grupomedios.com\/futbol\/wp-json\/wp\/v2\/media\/508563"}],"wp:attachment":[{"href":"http:\/\/desarrollo.grupomedios.com\/futbol\/wp-json\/wp\/v2\/media?parent=508561"}],"wp:term":[{"taxonomy":"category","embeddable":true,"href":"http:\/\/desarrollo.grupomedios.com\/futbol\/wp-json\/wp\/v2\/categories?post=508561"},{"taxonomy":"post_tag","embeddable":true,"href":"http:\/\/desarrollo.grupomedios.com\/futbol\/wp-json\/wp\/v2\/tags?post=508561"}],"curies":[{"name":"wp","href":"https:\/\/api.w.org\/{rel}","templated":true}]}}