{"id":508562,"date":"2017-11-08T11:26:23","date_gmt":"2017-11-08T17:26:23","guid":{"rendered":"https:\/\/www.futboltotal.com.mx\/?p=508562"},"modified":"2017-11-08T11:26:23","modified_gmt":"2017-11-08T17:26:23","slug":"diego-alonso-en-la-mira-pumas-cruz-azul","status":"publish","type":"post","link":"http:\/\/desarrollo.grupomedios.com\/futbol\/destacado-home\/diego-alonso-en-la-mira-pumas-cruz-azul\/2017\/11","title":{"rendered":"Diego Alonso, en la mira de Pumas y Cruz Azul"},"content":{"rendered":"<p>POR: STAFF FT<\/p>\n<p>Los d\u00edas de <strong>Diego Alonso<\/strong> como estratega de los <strong>Tuzos del Pachuca<\/strong> estar\u00edan contados, luego de un campeonato en el <strong>Clausura 2016<\/strong>, ha vivido dos torneos dif\u00edciles en los que no ha logrado calificar al equipo a la liguilla, de acuerdo a diversas informaciones ya habr\u00eda puesto su renuncia sobre la mesa pero no fue aceptada, sin embargo, <strong>en diciembre le dar\u00edan las gracias<\/strong> pero al uruguayo no le faltar\u00eda trabajo, pues hay dos interesados en sus servicios.<\/p>\n<p>De acuerdo al Diario AS, <strong>Pumas<\/strong> es uno de los principales interesados en contratar al uruguayo, que como jugador fue campe\u00f3n con los auriazules en el <strong>Apertura 2004<\/strong>, por lo que re\u00fane todo el perfil de la <strong>UNAM<\/strong>, aunado a ello tiene una gran amista con <strong>Sergio Egea<\/strong>, directivo universitario, por lo que los acercamientos no ser\u00edan complicados. <strong>El principal problema es el salario<\/strong>, pues nunca podr\u00eda ganar lo mismo que percibe con los Tuzos.<\/p>\n<p style=\"text-align: center;\"><a href=\"https:\/\/www.futboltotal.com.mx\/futbol-mexicano\/seleccion-mexicana\/los-23-mexico-rusia-2018-llevarias-a-este-plantel\/2017\/11\">VER M\u00c1S: Los 23 de M\u00e9xico para Rusia 2018, \u00bfLlevar\u00edas a este plantel?<\/a><\/p>\n<p>El otro interesado es <strong>Cruz Azul<\/strong>, quien a pesar de no estar eliminado en el torneo y m\u00e1s all\u00e1 de lo que pueda suceder, le dar\u00edan las gracias a <strong>Paco J\u00e9mez<\/strong>, adem\u00e1s que el espa\u00f1ol desea marcharse de regreso a su pa\u00eds. Hace seis meses, los celestes ya preguntaron por el uruguayo su situaci\u00f3n y no hubo forma de llevarlo a <strong>La Noria<\/strong> pero ahora todo parece estar puesto y en este caso, por el sueldo no habr\u00eda ninguna preocupaci\u00f3n pues los cementeros le habr\u00edan asegurado uno mayor al que tiene con Pachuca.<\/p>\n<p>Todo parece indicar que <strong>Diego Alonso<\/strong> se despedir\u00e1 de Pachuca una vez que finalice el <strong>Mundial de Clubes<\/strong>, pues de igual manera gan\u00f3 la <strong>Liga de Campeones de la Concacaf<\/strong> y buscar\u00e1 hacer historia con el cuadro hidalguense para despedirse de forma digna, luego de dos torneos complicados y que se consideran como fracasos, pues trajeron nombres importantes para reforzar al plantel.<\/p>\n<p style=\"text-align: center;\"><a href=\"https:\/\/www.futboltotal.com.mx\/futbol-internacional\/liga-de-espana\/real-madrid-quiere-a-juan-mata-para-enero\/2017\/11\">VER M\u00c1S: Real Madrid quiere a Juan Mata para enero<\/a><\/p>\n","protected":false},"excerpt":{"rendered":"<p>El estratega uruguayo dejar\u00e1 a los Tuzos en diciembre<\/p>\n","protected":false},"author":159,"featured_media":508566,"comment_status":"closed","ping_status":"closed","sticky":false,"template":"","format":"standard","meta":[],"categories":[5,2198,3845],"tags":[5962,8589,64,5968,74],"_links":{"self":[{"href":"http:\/\/desarrollo.grupomedios.com\/futbol\/wp-json\/wp\/v2\/posts\/508562"}],"collection":[{"href":"http:\/\/desarrollo.grupomedios.com\/futbol\/wp-json\/wp\/v2\/posts"}],"about":[{"href":"http:\/\/desarrollo.grupomedios.com\/futbol\/wp-json\/wp\/v2\/types\/post"}],"author":[{"embeddable":true,"href":"http:\/\/desarrollo.grupomedios.com\/futbol\/wp-json\/wp\/v2\/users\/159"}],"replies":[{"embeddable":true,"href":"http:\/\/desarrollo.grupomedios.com\/futbol\/wp-json\/wp\/v2\/comments?post=508562"}],"version-history":[{"count":1,"href":"http:\/\/desarrollo.grupomedios.com\/futbol\/wp-json\/wp\/v2\/posts\/508562\/revisions"}],"predecessor-version":[{"id":508567,"href":"http:\/\/desarrollo.grupomedios.com\/futbol\/wp-json\/wp\/v2\/posts\/508562\/revisions\/508567"}],"wp:featuredmedia":[{"embeddable":true,"href":"http:\/\/desarrollo.grupomedios.com\/futbol\/wp-json\/wp\/v2\/media\/508566"}],"wp:attachment":[{"href":"http:\/\/desarrollo.grupomedios.com\/futbol\/wp-json\/wp\/v2\/media?parent=508562"}],"wp:term":[{"taxonomy":"category","embeddable":true,"href":"http:\/\/desarrollo.grupomedios.com\/futbol\/wp-json\/wp\/v2\/categories?post=508562"},{"taxonomy":"post_tag","embeddable":true,"href":"http:\/\/desarrollo.grupomedios.com\/futbol\/wp-json\/wp\/v2\/tags?post=508562"}],"curies":[{"name":"wp","href":"https:\/\/api.w.org\/{rel}","templated":true}]}}