{"id":508571,"date":"2017-11-08T11:57:19","date_gmt":"2017-11-08T17:57:19","guid":{"rendered":"https:\/\/www.futboltotal.com.mx\/?p=508571"},"modified":"2017-11-08T11:57:19","modified_gmt":"2017-11-08T17:57:19","slug":"josip-weber-ex-jugador-croata-fallece-cancer","status":"publish","type":"post","link":"http:\/\/desarrollo.grupomedios.com\/futbol\/futbol-internacional\/josip-weber-ex-jugador-croata-fallece-cancer\/2017\/11","title":{"rendered":"Josip Weber, ex jugador croata, fallece de c\u00e1ncer"},"content":{"rendered":"<p>El exfutbolista internacional croata <strong>Josip Weber<\/strong>, que jug\u00f3 once veces para la <strong>Selecci\u00f3n de B\u00e9lgica<\/strong> y tres para la de <strong>Croacia<\/strong> falleci\u00f3 de c\u00e1ncer de pr\u00f3stata a los 53 a\u00f1os de edad, informa hoy el diario <em>Vecernji list<\/em>\u00a0de <strong>Zagreb<\/strong>.<\/p>\n<p>El delantero empez\u00f3 su carrera en los clubes croatas <strong>Borac<\/strong>, <strong>BSK<\/strong>, <strong>Hajduk<\/strong> y el <strong>Dinamo de Vinkovci<\/strong>, para pasar luego al <strong>C\u00edrculo de Brujas<\/strong> y <strong>Anderlecht<\/strong> belga.<\/p>\n<p style=\"text-align: center;\"><span style=\"color: #3366ff;\"><a href=\"https:\/\/www.futboltotal.com.mx\/futbol-mexicano\/seleccion-mexicana\/los-duelos-memorables-mexico-en-sus-giras-europa\/2017\/11\">VER M\u00c1S: Los duelos memorables de M\u00e9xico en sus giras por Europa<\/a><\/span><\/p>\n<p>Weber fue durante tres a\u00f1os consecutivos (1991-1993) el mejor atacante de la <strong>Liga Belga<\/strong> y form\u00f3 parte de la Selecci\u00f3n Belga en el <strong>Mundial de Estados Unidos de 1994<\/strong>.<\/p>\n<p>Durante la guerra de <strong>Croacia<\/strong> (1991-1995) fue activo en la recolecci\u00f3n de ayuda humanitaria.<\/p>\n<p>Dio por terminada su carrera en 1997 en las filas del Anderlecht despu\u00e9s de sufrir varias lesiones esa temporada.<\/p>\n","protected":false},"excerpt":{"rendered":"<p>Particip\u00f3 con la Selecci\u00f3n de B\u00e9lgica en el Mundial de 1994.<\/p>\n","protected":false},"author":129,"featured_media":508572,"comment_status":"closed","ping_status":"closed","sticky":false,"template":"","format":"standard","meta":[],"categories":[3839],"tags":[6214,11100,8998,11101],"_links":{"self":[{"href":"http:\/\/desarrollo.grupomedios.com\/futbol\/wp-json\/wp\/v2\/posts\/508571"}],"collection":[{"href":"http:\/\/desarrollo.grupomedios.com\/futbol\/wp-json\/wp\/v2\/posts"}],"about":[{"href":"http:\/\/desarrollo.grupomedios.com\/futbol\/wp-json\/wp\/v2\/types\/post"}],"author":[{"embeddable":true,"href":"http:\/\/desarrollo.grupomedios.com\/futbol\/wp-json\/wp\/v2\/users\/129"}],"replies":[{"embeddable":true,"href":"http:\/\/desarrollo.grupomedios.com\/futbol\/wp-json\/wp\/v2\/comments?post=508571"}],"version-history":[{"count":1,"href":"http:\/\/desarrollo.grupomedios.com\/futbol\/wp-json\/wp\/v2\/posts\/508571\/revisions"}],"predecessor-version":[{"id":508573,"href":"http:\/\/desarrollo.grupomedios.com\/futbol\/wp-json\/wp\/v2\/posts\/508571\/revisions\/508573"}],"wp:featuredmedia":[{"embeddable":true,"href":"http:\/\/desarrollo.grupomedios.com\/futbol\/wp-json\/wp\/v2\/media\/508572"}],"wp:attachment":[{"href":"http:\/\/desarrollo.grupomedios.com\/futbol\/wp-json\/wp\/v2\/media?parent=508571"}],"wp:term":[{"taxonomy":"category","embeddable":true,"href":"http:\/\/desarrollo.grupomedios.com\/futbol\/wp-json\/wp\/v2\/categories?post=508571"},{"taxonomy":"post_tag","embeddable":true,"href":"http:\/\/desarrollo.grupomedios.com\/futbol\/wp-json\/wp\/v2\/tags?post=508571"}],"curies":[{"name":"wp","href":"https:\/\/api.w.org\/{rel}","templated":true}]}}