{"id":508581,"date":"2017-11-08T13:43:01","date_gmt":"2017-11-08T19:43:01","guid":{"rendered":"https:\/\/www.futboltotal.com.mx\/?p=508581"},"modified":"2017-11-08T13:43:01","modified_gmt":"2017-11-08T19:43:01","slug":"el-inglaterra-vs-alemania-primer-partido-con-var-en-reino-unido","status":"publish","type":"post","link":"http:\/\/desarrollo.grupomedios.com\/futbol\/futbol-internacional\/el-inglaterra-vs-alemania-primer-partido-con-var-en-reino-unido\/2017\/11","title":{"rendered":"El Inglaterra vs Alemania, primer partido con VAR en Reino Unido"},"content":{"rendered":"<div id=\"texto\" class=\"texto_txt\">\n<div class=\"DETALLE_N_texto \">\n<p><strong><span id=\"ctl14_lblMostra\">POR: EFE<\/span><\/strong><\/p>\n<p><span id=\"ctl14_lblMostra\">El amistoso del 10 de noviembre\u00a0<strong>Inglaterra vs Alemania<\/strong>\u00a0en el <strong>estadio Wembley<\/strong> ser\u00e1 el primer encuentro en el <strong>Reino Unido<\/strong> en el que se emplee el Asistente Arbitral de V\u00eddeo (<strong>VAR<\/strong>, por sus siglas en ingl\u00e9s).<\/p>\n<p>El VAR, que ya fue probado en este mismo escenario en un partido ben\u00e9fico el mes pasado, ser\u00e1 empleado para &#8220;corregir errores claros y captar incidentes serios que se hayan pasado por encima&#8221; en situaciones &#8220;que puedan cambiar el rumbo del choque&#8221;, inform\u00f3 la IFAB (International Football Association Board).<\/span><\/p>\n<p style=\"text-align: center;\"><span id=\"ctl14_lblMostra\"><a href=\"https:\/\/www.futboltotal.com.mx\/futbol-internacional\/la-insolita-promesa-messi-argentina-gana-rusia-2018\/2017\/11\" target=\"_blank\" rel=\"noopener\"><span style=\"color: #333399;\">VER M\u00c1S: La ins\u00f3lita promesa de Messi si Argentina gana Mundial Rusia 2018<\/span><\/a><\/span><\/p>\n<p><span id=\"ctl14_lblMostra\">La primera experiencia de Inglaterra con asistente de v\u00eddeo fue en el amistoso contra <strong>Francia<\/strong> del mes de junio en Par\u00eds, en el que el defensa galo <strong>Raphael Varane<\/strong> fue expulsado, con la ayuda del VAR, por cometer un penalti sobre <strong>Dele Alli<\/strong>.<\/p>\n<p>La tecnolog\u00eda para el \u00e1rbitro asistente de v\u00eddeo ha sido ya probada en torneos de prestigio como la <strong>Copa Confederaciones<\/strong> de Rusia -se usar\u00e1 tambi\u00e9n en el pr\u00f3ximo <strong>Mundial de Clubes<\/strong> en Abu Dhabi- y en competiciones como la <strong>Bundesliga,<\/strong> la <strong>Serie A<\/strong> y la <strong>MLS<\/strong>.<\/span><\/p>\n<\/div>\n<\/div>\n","protected":false},"excerpt":{"rendered":"<p>Los ingleses ya tuvieron una primera experiencia con el Asistente Arbitral de V\u00eddeo.<\/p>\n","protected":false},"author":154,"featured_media":508582,"comment_status":"closed","ping_status":"closed","sticky":false,"template":"","format":"standard","meta":[],"categories":[3839],"tags":[6000,1762,11103,603,11102,2403,9078],"_links":{"self":[{"href":"http:\/\/desarrollo.grupomedios.com\/futbol\/wp-json\/wp\/v2\/posts\/508581"}],"collection":[{"href":"http:\/\/desarrollo.grupomedios.com\/futbol\/wp-json\/wp\/v2\/posts"}],"about":[{"href":"http:\/\/desarrollo.grupomedios.com\/futbol\/wp-json\/wp\/v2\/types\/post"}],"author":[{"embeddable":true,"href":"http:\/\/desarrollo.grupomedios.com\/futbol\/wp-json\/wp\/v2\/users\/154"}],"replies":[{"embeddable":true,"href":"http:\/\/desarrollo.grupomedios.com\/futbol\/wp-json\/wp\/v2\/comments?post=508581"}],"version-history":[{"count":1,"href":"http:\/\/desarrollo.grupomedios.com\/futbol\/wp-json\/wp\/v2\/posts\/508581\/revisions"}],"predecessor-version":[{"id":508584,"href":"http:\/\/desarrollo.grupomedios.com\/futbol\/wp-json\/wp\/v2\/posts\/508581\/revisions\/508584"}],"wp:featuredmedia":[{"embeddable":true,"href":"http:\/\/desarrollo.grupomedios.com\/futbol\/wp-json\/wp\/v2\/media\/508582"}],"wp:attachment":[{"href":"http:\/\/desarrollo.grupomedios.com\/futbol\/wp-json\/wp\/v2\/media?parent=508581"}],"wp:term":[{"taxonomy":"category","embeddable":true,"href":"http:\/\/desarrollo.grupomedios.com\/futbol\/wp-json\/wp\/v2\/categories?post=508581"},{"taxonomy":"post_tag","embeddable":true,"href":"http:\/\/desarrollo.grupomedios.com\/futbol\/wp-json\/wp\/v2\/tags?post=508581"}],"curies":[{"name":"wp","href":"https:\/\/api.w.org\/{rel}","templated":true}]}}