{"id":508585,"date":"2017-11-08T14:14:33","date_gmt":"2017-11-08T20:14:33","guid":{"rendered":"https:\/\/www.futboltotal.com.mx\/?p=508585"},"modified":"2017-11-08T14:14:33","modified_gmt":"2017-11-08T20:14:33","slug":"sebastian-sosa-conocio-a-pequeno-fan-enorme-gesto","status":"publish","type":"post","link":"http:\/\/desarrollo.grupomedios.com\/futbol\/futbol-mexicano\/sebastian-sosa-conocio-a-pequeno-fan-enorme-gesto\/2017\/11","title":{"rendered":"Sebasti\u00e1n Sosa conoci\u00f3 a su peque\u00f1o fan y tuvo un enorme gesto"},"content":{"rendered":"<p>Hace unos d\u00edas, el portero de <strong>Morelia<\/strong>, <strong>Sebasti\u00e1n Sosa<\/strong>, comparti\u00f3 un mensaje en redes sociales donde ped\u00eda ayuda para encontrar a un ni\u00f1o que vest\u00eda la playera de Monarcas con su nombre pintado en plum\u00f3n.<\/p>\n<p>El cancerbero envi\u00f3 el mensaje a trav\u00e9s de su cuenta de Twitter y dijo querer conocer a su peque\u00f1o fan, que luc\u00eda el nombre de <em>Sosa Jr<\/em>. en su espalda durante el encuentro entre los pur\u00e9pechas y <strong>Cruz Azul.<\/strong><\/p>\n<p style=\"text-align: center;\"><a href=\"https:\/\/www.futboltotal.com.mx\/futbol-internacional\/liga-de-espana\/di-maria-confeso-pudo-haber-llegado-al-barcelona\/2017\/11\"><span style=\"color: #3366ff;\">VER M\u00c1S: Di Mar\u00eda confes\u00f3 que pudo haber llegado al Barcelona<\/span><\/a><\/p>\n<blockquote class=\"twitter-tweet\" data-data-dnt=\"true\">\n<p lang=\"es\" dir=\"ltr\">Indudablemente quiero conocer a este ni\u00f1o y darle en persona  el regalo que \u00e9l se merece (SOSA JR. \ud83d\ude02\ud83d\udc4f\ud83d\udc4f\ud83d\udc4f) <a href=\"https:\/\/t.co\/eM0ZPkxPLo\">pic.twitter.com\/eM0ZPkxPLo<\/a><\/p>\n<p>&mdash; Sebastian Sosa (@sebauruguayo1) <a href=\"https:\/\/twitter.com\/sebauruguayo1\/status\/927346085416325120?ref_src=twsrc%5Etfw\">November 6, 2017<\/a><\/p><\/blockquote>\n<p><script async src=\"https:\/\/platform.twitter.com\/widgets.js\" charset=\"utf-8\"><\/script><\/p>\n<p>Luego de unos d\u00edas, el portero uruguayo por fin pudo encontrarse con el ni\u00f1o en la cancha del <strong>estadio Morelos<\/strong> y tuvo un enorme gesto con \u00e9l.<\/p>\n<p>https:\/\/twitter.com\/FuerzaMonarca\/status\/927983537583738881<\/p>\n<p>Sosa, quien en el \u00faltimo torneo se ha ganado el apoyo de toda la afici\u00f3n de Monarcas luego de sus grandes actuaciones durante la pasada <strong>Copa MX<\/strong> y los torneos de <strong>Clausura y Apertura 2017<\/strong>, decidi\u00f3 regalarle una de sus camisetas al peque\u00f1o que acudi\u00f3 al club.<\/p>\n<p>https:\/\/twitter.com\/FuerzaMonarca\/status\/927989072467030017<\/p>\n<p>El peque\u00f1o habl\u00f3 para la p\u00e1gina oficial de Monarcas Morelia y mostr\u00f3 su admiraci\u00f3n por el portero de su equipo, a quien admira por &#8220;c\u00f3mo juega&#8221;.<\/p>\n<div class=\"fb-video\" data-href=\"https:\/\/www.facebook.com\/FuerzaMonarca\/videos\/1665312050186313\/\" data-data-show-text=\"false\">\n<blockquote class=\"fb-xfbml-parse-ignore\" cite=\"https:\/\/www.facebook.com\/FuerzaMonarca\/videos\/1665312050186313\/\"><p><a href=\"https:\/\/www.facebook.com\/FuerzaMonarca\/videos\/1665312050186313\/\">Sosa Jr.<\/a><\/p>\n<p>Nuestro arquero, Sebasti\u00e1n Sosa, se dio a la tarea de buscar al peque\u00f1o con el jersey de Sosa Jr. \u00a1y lo encontr\u00f3! Mira su encuentro en el siguiente video &#x1f4aa;<\/p>\n<p>Posted by <a href=\"https:\/\/www.facebook.com\/FuerzaMonarca\/\">Monarcas Morelia<\/a> on mi\u00e9rcoles, 8 de noviembre de 2017<\/p><\/blockquote>\n<\/div>\n","protected":false},"excerpt":{"rendered":"<p>El arquero uruguayo cumpli\u00f3 el sue\u00f1o del peque\u00f1o.<\/p>\n","protected":false},"author":129,"featured_media":508589,"comment_status":"closed","ping_status":"closed","sticky":false,"template":"","format":"standard","meta":[],"categories":[2198,3845],"tags":[8357,285,3883,64,784,7928],"_links":{"self":[{"href":"http:\/\/desarrollo.grupomedios.com\/futbol\/wp-json\/wp\/v2\/posts\/508585"}],"collection":[{"href":"http:\/\/desarrollo.grupomedios.com\/futbol\/wp-json\/wp\/v2\/posts"}],"about":[{"href":"http:\/\/desarrollo.grupomedios.com\/futbol\/wp-json\/wp\/v2\/types\/post"}],"author":[{"embeddable":true,"href":"http:\/\/desarrollo.grupomedios.com\/futbol\/wp-json\/wp\/v2\/users\/129"}],"replies":[{"embeddable":true,"href":"http:\/\/desarrollo.grupomedios.com\/futbol\/wp-json\/wp\/v2\/comments?post=508585"}],"version-history":[{"count":1,"href":"http:\/\/desarrollo.grupomedios.com\/futbol\/wp-json\/wp\/v2\/posts\/508585\/revisions"}],"predecessor-version":[{"id":508590,"href":"http:\/\/desarrollo.grupomedios.com\/futbol\/wp-json\/wp\/v2\/posts\/508585\/revisions\/508590"}],"wp:featuredmedia":[{"embeddable":true,"href":"http:\/\/desarrollo.grupomedios.com\/futbol\/wp-json\/wp\/v2\/media\/508589"}],"wp:attachment":[{"href":"http:\/\/desarrollo.grupomedios.com\/futbol\/wp-json\/wp\/v2\/media?parent=508585"}],"wp:term":[{"taxonomy":"category","embeddable":true,"href":"http:\/\/desarrollo.grupomedios.com\/futbol\/wp-json\/wp\/v2\/categories?post=508585"},{"taxonomy":"post_tag","embeddable":true,"href":"http:\/\/desarrollo.grupomedios.com\/futbol\/wp-json\/wp\/v2\/tags?post=508585"}],"curies":[{"name":"wp","href":"https:\/\/api.w.org\/{rel}","templated":true}]}}