{"id":508608,"date":"2017-11-08T16:02:30","date_gmt":"2017-11-08T22:02:30","guid":{"rendered":"https:\/\/www.futboltotal.com.mx\/?p=508608"},"modified":"2017-11-08T16:02:30","modified_gmt":"2017-11-08T22:02:30","slug":"monterrey-obligado-a-ganar-a-santos-superlider","status":"publish","type":"post","link":"http:\/\/desarrollo.grupomedios.com\/futbol\/futbol-mexicano\/monterrey-obligado-a-ganar-a-santos-superlider\/2017\/11","title":{"rendered":"Monterrey, obligado a ganar a Santos para ser superl\u00edder"},"content":{"rendered":"<p>Los <em>Rayados<\/em> del <strong>Monterrey<\/strong> jugar\u00e1n este jueves contra <strong>Santos Laguna<\/strong> con la mira puesta en el triunfo que les asegure el superliderato del Apertura 2017.<\/p>\n<p><strong>Celso Ortiz<\/strong>, mediocampista de los regiomontanos, sentenci\u00f3 que el partido pendiente que sostendr\u00e1n est\u00e1n obligado a ganarlo para ser los mejores de la fase regular del torneo, y no tener que jugarse el primer lugar frente a su archirrival, <strong>Tigres<\/strong>.<\/p>\n<p>El partido entre Monterrey y Santos de la<strong> Jornada 11<\/strong> tuvo que ser suspendido por las malas condiciones del clima en suelo regio, donde arreciaba una lluvia que no dej\u00f3 llevar a cabo el encuentro.<\/p>\n<p style=\"text-align: center;\"><span style=\"color: #333399;\"><a href=\"https:\/\/www.futboltotal.com.mx\/futbol-mexicano\/pumas-quiere-la-revancha-en-torneo-clausura-2018\/2017\/11\">VER M\u00c1S:\u00a0<span class=\"item-title\">Pumas quiere la revancha en el Torneo Clausura 2018<\/span><\/a><\/span><\/p>\n<p>El juego ya llevaba 12 minutos de comenzado en el primer tiempo, y en ese momento se dar\u00e1 reinicio este jueves a las 21:00 horas en la cancha del <strong>BBVA Bancomer<\/strong>.<\/p>\n<p>Lo \u00fanico que tendr\u00e1 este encuentro de diferente ser\u00e1n las ausencias que tendr\u00e1n ambos cuadros, sobretodo Monterrey por las bajas de seleccionados nacionales.<\/p>\n<p>Sin embargo, Celso Ortiz, afirm\u00f3 que los Rayados son una escuadra que cuenta con un plantel basto y que tendr\u00e1n todo para encarar este partido contra Santos.<\/p>\n<p style=\"text-align: center;\"><span style=\"color: #333399;\"><a href=\"https:\/\/www.futboltotal.com.mx\/futbol-mexicano\/pachuca-tijuana-cierran-la-fase-cuartos-final-copa-mx\/2017\/11\">VER M\u00c1S:\u00a0<span class=\"item-title\">Pachuca y Tijuana cierran la fase de cuartos de final de Copa MX<\/span><\/a><\/span><\/p>\n","protected":false},"excerpt":{"rendered":"<p>En el seno de los Rayados saben que la victoria es pr\u00e1cticamente quedarse con el liderato<\/p>\n","protected":false},"author":160,"featured_media":508610,"comment_status":"closed","ping_status":"closed","sticky":false,"template":"","format":"standard","meta":[],"categories":[2198,3845],"tags":[8357,11104,64,5966,5972],"_links":{"self":[{"href":"http:\/\/desarrollo.grupomedios.com\/futbol\/wp-json\/wp\/v2\/posts\/508608"}],"collection":[{"href":"http:\/\/desarrollo.grupomedios.com\/futbol\/wp-json\/wp\/v2\/posts"}],"about":[{"href":"http:\/\/desarrollo.grupomedios.com\/futbol\/wp-json\/wp\/v2\/types\/post"}],"author":[{"embeddable":true,"href":"http:\/\/desarrollo.grupomedios.com\/futbol\/wp-json\/wp\/v2\/users\/160"}],"replies":[{"embeddable":true,"href":"http:\/\/desarrollo.grupomedios.com\/futbol\/wp-json\/wp\/v2\/comments?post=508608"}],"version-history":[{"count":1,"href":"http:\/\/desarrollo.grupomedios.com\/futbol\/wp-json\/wp\/v2\/posts\/508608\/revisions"}],"predecessor-version":[{"id":508613,"href":"http:\/\/desarrollo.grupomedios.com\/futbol\/wp-json\/wp\/v2\/posts\/508608\/revisions\/508613"}],"wp:featuredmedia":[{"embeddable":true,"href":"http:\/\/desarrollo.grupomedios.com\/futbol\/wp-json\/wp\/v2\/media\/508610"}],"wp:attachment":[{"href":"http:\/\/desarrollo.grupomedios.com\/futbol\/wp-json\/wp\/v2\/media?parent=508608"}],"wp:term":[{"taxonomy":"category","embeddable":true,"href":"http:\/\/desarrollo.grupomedios.com\/futbol\/wp-json\/wp\/v2\/categories?post=508608"},{"taxonomy":"post_tag","embeddable":true,"href":"http:\/\/desarrollo.grupomedios.com\/futbol\/wp-json\/wp\/v2\/tags?post=508608"}],"curies":[{"name":"wp","href":"https:\/\/api.w.org\/{rel}","templated":true}]}}