{"id":508611,"date":"2017-11-08T16:14:24","date_gmt":"2017-11-08T22:14:24","guid":{"rendered":"https:\/\/www.futboltotal.com.mx\/?p=508611"},"modified":"2017-11-08T16:14:24","modified_gmt":"2017-11-08T22:14:24","slug":"luis-fernando-tena-quiere-queretaro-protagonista-seguira-ejemplo-del-tuca-en-tigres","status":"publish","type":"post","link":"http:\/\/desarrollo.grupomedios.com\/futbol\/futbol-mexicano\/luis-fernando-tena-quiere-queretaro-protagonista-seguira-ejemplo-del-tuca-en-tigres\/2017\/11","title":{"rendered":"Tena quiere un Quer\u00e9taro protagonista y seguir\u00e1 ejemplo del Tuca en Tigres"},"content":{"rendered":"<p><strong>Por: EFE<\/strong><\/p>\n<p>El entrenador del <strong>Quer\u00e9taro<\/strong>, <strong>Luis Fernando Tena<\/strong>, asegur\u00f3 que su deseo es permanecer mucho tiempo al frente del equipo mexicano para convertirlo en un protagonista en la liga como hizo el brasile\u00f1o <strong>Ricardo Ferretti<\/strong> con los <strong>Tigres UANL<\/strong>.<\/p>\n<p>&#8220;Estoy contento; hay una estructura buena y una empresa seria, mi idea es quedarme mucho tiempo aqu\u00ed. Me gustar\u00eda hacer en Quer\u00e9taro lo que hace &#8216;<strong>Tuca<\/strong> Ferretti en Tigres. Estar mucho tiempo y darle alegr\u00edas a la gente&#8221;, dijo el estratega de 59 a\u00f1os.<\/p>\n<p style=\"text-align: center;\"><span style=\"color: #3366ff;\"><a href=\"https:\/\/www.futboltotal.com.mx\/futbol-mexicano\/seleccion-mexicana\/los-duelos-memorables-mexico-en-sus-giras-europa\/2017\/11\">VER M\u00c1S: Los duelos memorables de M\u00e9xico en sus giras por Europa<\/a><\/span><\/p>\n<p>Tena, quien lleg\u00f3 al Quer\u00e9taro para dirigir las tres \u00faltimas jornadas del torneo<strong> Apertura<\/strong>, dej\u00f3 una buena impresi\u00f3n en sus primeras presentaciones al sumar una victoria y un empate y al referirse al grupo en esos encuentros, destac\u00f3 la buena actitud.<\/p>\n<p>&#8220;Los he conocido r\u00e1pido porque tienen disposici\u00f3n, son entregados en entrenamientos y en partidos y tienen ganas de salir de los problemas en la porcentual&#8221;, dijo en referencia a la tabla de cocientes que decidir\u00e1 el equipo que descender\u00e1 en mayo pr\u00f3ximo en la que los Gallos van pen\u00faltimos solo encima del <strong>Veracruz<\/strong>.<\/p>\n<p>Luis Fernando Tena fue el entrenador que dirigi\u00f3 a la selecci\u00f3n mexicana que gan\u00f3 el t\u00edtulo ol\u00edmpico en Londres 2012 y despu\u00e9s de eso lleg\u00f3 a ser seleccionador interino del <strong>Tri<\/strong>; suma dos t\u00edtulos de liga, con <strong>Cruz Azul<\/strong> en el Invierno de 1997 y <strong>Morelia<\/strong> en el 2000, y ahora busca levantar al Quer\u00e9taro.<\/p>\n<p style=\"text-align: center;\"><span style=\"color: #3366ff;\"><a href=\"https:\/\/www.futboltotal.com.mx\/futbol-mexicano\/liga-mx\/la-burla-necaxa-que-hizo-enfurecer-a-hinchas-river-plate\/2017\/11\">VER M\u00c1S: La burla de Necaxa que hizo enfurecer a hinchas de River Plate<\/a><\/span><\/p>\n<p>&#8220;Espero que se nos den los resultados para que el equipo crezca y llenar el estadio. Debemos llenar el estadio Corregidora en cada partido y atraer a la afici\u00f3n con resultados y buen juego&#8221;,agreg\u00f3.<\/p>\n<p><strong>Los Gallos<\/strong> aparecen en el decimosexto y antepen\u00faltimo puesto de la clasificaci\u00f3n del Apertura con tres victorias, seis empates, siete derrotas y 15 puntos y se preparan para cerrar el campeonato ante los Pumas el 18 de noviembre en el cierre de la fase regular del torneo. EFE<\/p>\n","protected":false},"excerpt":{"rendered":"<p>Tena quiere que su equipo se vuelva m\u00e1s protagonista en unos a\u00f1os.<\/p>\n","protected":false},"author":129,"featured_media":508616,"comment_status":"closed","ping_status":"closed","sticky":false,"template":"","format":"standard","meta":[],"categories":[2198,3845],"tags":[590,64,565,5970],"_links":{"self":[{"href":"http:\/\/desarrollo.grupomedios.com\/futbol\/wp-json\/wp\/v2\/posts\/508611"}],"collection":[{"href":"http:\/\/desarrollo.grupomedios.com\/futbol\/wp-json\/wp\/v2\/posts"}],"about":[{"href":"http:\/\/desarrollo.grupomedios.com\/futbol\/wp-json\/wp\/v2\/types\/post"}],"author":[{"embeddable":true,"href":"http:\/\/desarrollo.grupomedios.com\/futbol\/wp-json\/wp\/v2\/users\/129"}],"replies":[{"embeddable":true,"href":"http:\/\/desarrollo.grupomedios.com\/futbol\/wp-json\/wp\/v2\/comments?post=508611"}],"version-history":[{"count":1,"href":"http:\/\/desarrollo.grupomedios.com\/futbol\/wp-json\/wp\/v2\/posts\/508611\/revisions"}],"predecessor-version":[{"id":508617,"href":"http:\/\/desarrollo.grupomedios.com\/futbol\/wp-json\/wp\/v2\/posts\/508611\/revisions\/508617"}],"wp:featuredmedia":[{"embeddable":true,"href":"http:\/\/desarrollo.grupomedios.com\/futbol\/wp-json\/wp\/v2\/media\/508616"}],"wp:attachment":[{"href":"http:\/\/desarrollo.grupomedios.com\/futbol\/wp-json\/wp\/v2\/media?parent=508611"}],"wp:term":[{"taxonomy":"category","embeddable":true,"href":"http:\/\/desarrollo.grupomedios.com\/futbol\/wp-json\/wp\/v2\/categories?post=508611"},{"taxonomy":"post_tag","embeddable":true,"href":"http:\/\/desarrollo.grupomedios.com\/futbol\/wp-json\/wp\/v2\/tags?post=508611"}],"curies":[{"name":"wp","href":"https:\/\/api.w.org\/{rel}","templated":true}]}}