{"id":508626,"date":"2017-11-08T17:09:09","date_gmt":"2017-11-08T23:09:09","guid":{"rendered":"https:\/\/www.futboltotal.com.mx\/?p=508626"},"modified":"2017-11-10T08:38:12","modified_gmt":"2017-11-10T14:38:12","slug":"antoine-griezmann-presume-gran-tecnica-individual-con-francia","status":"publish","type":"post","link":"http:\/\/desarrollo.grupomedios.com\/futbol\/videos\/antoine-griezmann-presume-gran-tecnica-individual-con-francia\/2017\/11","title":{"rendered":"Antoine Griezmann presume gran t\u00e9cnica individual con Francia"},"content":{"rendered":"<p>La <strong>Selecci\u00f3n de Francia<\/strong> ya se prepara para los partidos amistosos que tendr\u00e1 en la <strong>Fecha FIFA<\/strong> contra <strong>Gales<\/strong> y <strong>Alemania<\/strong>, as\u00ed lo dej\u00f3 ver el delantero del <strong>Atl\u00e9tico de Madrid<\/strong>, <strong>Antoine Griezmann<\/strong>.<\/p>\n<p>Durante los entrenamientos de <em>Le Blues<\/em>, el atacante colchonero dej\u00f3 claro su calidad, misma que le ha faltado en el conjunto espa\u00f1ol durante el inicio de esta temporada.<\/p>\n<p>Fue la cuenta de Twitter de la Selecci\u00f3n de Francia quien comparti\u00f3 el video donde aparece <em>el Principito<\/em> haciendo una recepci\u00f3n perfecta tras un pase largo.<\/p>\n<p style=\"text-align: center;\"><span style=\"color: #3366ff;\"><a href=\"https:\/\/www.futboltotal.com.mx\/futbol-mexicano\/liga-mx\/luis-fernando-tena-quiere-queretaro-protagonista-seguira-ejemplo-del-tuca-en-tigres\/2017\/11\">VER M\u00c1S: Tena quiere un Quer\u00e9taro protagonista y seguir\u00e1 ejemplo del Tuca en Tigres<\/a><\/span><\/p>\n<p>&nbsp;<\/p>\n<blockquote class=\"twitter-video\" data-lang=\"es\">\n<p dir=\"ltr\" lang=\"fr\">Oui <a href=\"https:\/\/twitter.com\/AntoGriezmann?ref_src=twsrc%5Etfw\">@AntoGriezmann<\/a>, on l\u2019a !&#x1f609; <a href=\"https:\/\/twitter.com\/hashtag\/FiersdetreBleus?src=hash&amp;ref_src=twsrc%5Etfw\">#FiersdetreBleus<\/a> <a href=\"https:\/\/t.co\/6oNTlXvfMd\">pic.twitter.com\/6oNTlXvfMd<\/a><\/p>\n<p>\u2014 Equipe de France (@equipedefrance) <a href=\"https:\/\/twitter.com\/equipedefrance\/status\/928342350220447749?ref_src=twsrc%5Etfw\">8 de noviembre de 2017<\/a><\/p><\/blockquote>\n<p><script async src=\"https:\/\/platform.twitter.com\/widgets.js\" charset=\"utf-8\"><\/script><\/p>\n","protected":false},"excerpt":{"rendered":"<p>Durante los entrenamientos de Le Blues, el colchonero dej\u00f3 en claro su calidad.<\/p>\n","protected":false},"author":129,"featured_media":470785,"comment_status":"closed","ping_status":"closed","sticky":false,"template":"","format":"standard","meta":[],"categories":[3839,4],"tags":[6000,5191,6007,2763,413,1899],"_links":{"self":[{"href":"http:\/\/desarrollo.grupomedios.com\/futbol\/wp-json\/wp\/v2\/posts\/508626"}],"collection":[{"href":"http:\/\/desarrollo.grupomedios.com\/futbol\/wp-json\/wp\/v2\/posts"}],"about":[{"href":"http:\/\/desarrollo.grupomedios.com\/futbol\/wp-json\/wp\/v2\/types\/post"}],"author":[{"embeddable":true,"href":"http:\/\/desarrollo.grupomedios.com\/futbol\/wp-json\/wp\/v2\/users\/129"}],"replies":[{"embeddable":true,"href":"http:\/\/desarrollo.grupomedios.com\/futbol\/wp-json\/wp\/v2\/comments?post=508626"}],"version-history":[{"count":5,"href":"http:\/\/desarrollo.grupomedios.com\/futbol\/wp-json\/wp\/v2\/posts\/508626\/revisions"}],"predecessor-version":[{"id":508842,"href":"http:\/\/desarrollo.grupomedios.com\/futbol\/wp-json\/wp\/v2\/posts\/508626\/revisions\/508842"}],"wp:featuredmedia":[{"embeddable":true,"href":"http:\/\/desarrollo.grupomedios.com\/futbol\/wp-json\/wp\/v2\/media\/470785"}],"wp:attachment":[{"href":"http:\/\/desarrollo.grupomedios.com\/futbol\/wp-json\/wp\/v2\/media?parent=508626"}],"wp:term":[{"taxonomy":"category","embeddable":true,"href":"http:\/\/desarrollo.grupomedios.com\/futbol\/wp-json\/wp\/v2\/categories?post=508626"},{"taxonomy":"post_tag","embeddable":true,"href":"http:\/\/desarrollo.grupomedios.com\/futbol\/wp-json\/wp\/v2\/tags?post=508626"}],"curies":[{"name":"wp","href":"https:\/\/api.w.org\/{rel}","templated":true}]}}