{"id":508628,"date":"2017-11-08T17:24:15","date_gmt":"2017-11-08T23:24:15","guid":{"rendered":"https:\/\/www.futboltotal.com.mx\/?p=508628"},"modified":"2017-11-08T17:24:15","modified_gmt":"2017-11-08T23:24:15","slug":"tecnico-memo-ochoa-implicado-en-escandalo-amano","status":"publish","type":"post","link":"http:\/\/desarrollo.grupomedios.com\/futbol\/destacado-home\/tecnico-memo-ochoa-implicado-en-escandalo-amano\/2017\/11","title":{"rendered":"T\u00e9cnico de Memo Ochoa, implicado en esc\u00e1ndalo de ama\u00f1o"},"content":{"rendered":"<p><strong>POR: STAFF FT<\/strong><\/p>\n<p>El entrenador de <strong>Guillermo Ochoa<\/strong> en el <strong>Standard de Lieja<\/strong>, Ricardo S\u00e1, est\u00e1 envuelto en una esc\u00e1ndalo en Grecia donde se le asocia con una serie de personas que pudieron estar involucradas en ama\u00f1o de partidos con el <strong>Olympiacos<\/strong>.<\/p>\n<p><strong>Ricardo S\u00e1<\/strong> dirigi\u00f3 al Atromitos de Grecia en dos etapas, 2014-15 y 2017. Y es precisamente, esta escuadra uno de los dos equipos que al parecer habr\u00edan llegado a un acuerdo con el Olympiacos para arreglar un partido en la liga griega.<\/p>\n<p>Uno de los acusados principales es Yorgos Span\u00f3s, quien es el presidente del Atromitos de Grecia, y que se habr\u00eda confabulado con <strong>Vanguelis Marinakis<\/strong>, presidente del Olympiacos.<\/p>\n<p style=\"text-align: center;\"><span style=\"color: #333399;\"><a href=\"https:\/\/www.futboltotal.com.mx\/futbol-internacional\/las-2-condiciones-mesut-ozil-para-renovar-arsenal\/2017\/11\">VER M\u00c1S:\u00a0<span class=\"item-title\">Las 2 condiciones de Mesut \u00d6zil para renovar con el Arsenal<\/span><\/a><\/span><\/p>\n<p>El Olympiacos es el equipo que est\u00e1 acusado por una decisi\u00f3n que tom\u00f3 el<strong> Tribunal de Apelaciones de Atenas<\/strong> y corre el riesgo de descender por primera vez en la historia del futbol griego.<\/p>\n<p>Otras 27 personas entre las que est\u00e1 incluidas el t\u00e9cnico de Memo Ochoa fueron imputadas por esta investigaci\u00f3n sobre ama\u00f1o de partidos en Grecia.<\/p>\n<p>&nbsp;<\/p>\n<p>&nbsp;<\/p>\n","protected":false},"excerpt":{"rendered":"<p>Un l\u00edo en el Olympiacos podr\u00eda provocar el descenso de esta hist\u00f3rica instituci\u00f3n en Grecia<\/p>\n","protected":false},"author":160,"featured_media":508639,"comment_status":"closed","ping_status":"closed","sticky":false,"template":"","format":"standard","meta":[],"categories":[5,3839,9806],"tags":[2925,11109,679,6091,11108],"_links":{"self":[{"href":"http:\/\/desarrollo.grupomedios.com\/futbol\/wp-json\/wp\/v2\/posts\/508628"}],"collection":[{"href":"http:\/\/desarrollo.grupomedios.com\/futbol\/wp-json\/wp\/v2\/posts"}],"about":[{"href":"http:\/\/desarrollo.grupomedios.com\/futbol\/wp-json\/wp\/v2\/types\/post"}],"author":[{"embeddable":true,"href":"http:\/\/desarrollo.grupomedios.com\/futbol\/wp-json\/wp\/v2\/users\/160"}],"replies":[{"embeddable":true,"href":"http:\/\/desarrollo.grupomedios.com\/futbol\/wp-json\/wp\/v2\/comments?post=508628"}],"version-history":[{"count":1,"href":"http:\/\/desarrollo.grupomedios.com\/futbol\/wp-json\/wp\/v2\/posts\/508628\/revisions"}],"predecessor-version":[{"id":508641,"href":"http:\/\/desarrollo.grupomedios.com\/futbol\/wp-json\/wp\/v2\/posts\/508628\/revisions\/508641"}],"wp:featuredmedia":[{"embeddable":true,"href":"http:\/\/desarrollo.grupomedios.com\/futbol\/wp-json\/wp\/v2\/media\/508639"}],"wp:attachment":[{"href":"http:\/\/desarrollo.grupomedios.com\/futbol\/wp-json\/wp\/v2\/media?parent=508628"}],"wp:term":[{"taxonomy":"category","embeddable":true,"href":"http:\/\/desarrollo.grupomedios.com\/futbol\/wp-json\/wp\/v2\/categories?post=508628"},{"taxonomy":"post_tag","embeddable":true,"href":"http:\/\/desarrollo.grupomedios.com\/futbol\/wp-json\/wp\/v2\/tags?post=508628"}],"curies":[{"name":"wp","href":"https:\/\/api.w.org\/{rel}","templated":true}]}}