{"id":508681,"date":"2017-11-09T08:35:57","date_gmt":"2017-11-09T14:35:57","guid":{"rendered":"https:\/\/www.futboltotal.com.mx\/?p=508681"},"modified":"2017-11-09T08:54:02","modified_gmt":"2017-11-09T14:54:02","slug":"osorio-un-reto-para-chicharito-llegada-moyes-west-ham","status":"publish","type":"post","link":"http:\/\/desarrollo.grupomedios.com\/futbol\/destacado-home\/osorio-un-reto-para-chicharito-llegada-moyes-west-ham\/2017\/11","title":{"rendered":"Osorio: &#8220;Un reto para Chicharito llegada de Moyes al West Ham&#8221;"},"content":{"rendered":"<div id=\"texto\" class=\"texto_txt\">\n<div class=\"DETALLE_N_texto \">\n<p><strong><span id=\"ctl14_lblMostra\">POR: EFE<\/span><\/strong><\/p>\n<p><span id=\"ctl14_lblMostra\">El entrenador de la selecci\u00f3n de <strong>M\u00e9xico<\/strong>, <strong>Juan Carlos Osorio<\/strong>, dijo estar seguro de que el delantero azteca del <strong>West Ham<\/strong>, <strong>Javier &#8216;Chicharito&#8217; Hern\u00e1ndez<\/strong> se tomar\u00e1 el fichaje de <strong>David Moyes<\/strong> por el club ingl\u00e9s como &#8220;un reto&#8221; y el inicio de una nueva relaci\u00f3n distinta a la que mantuvieron en el <strong>Manchester United<\/strong>.<\/span><\/p>\n<p>&#8220;Javier es un hombre muy inteligente que sabe que est\u00e1 en otro club y que es el inicio de una nueva relaci\u00f3n, que hay que partir de cero&#8221;, dijo el t\u00e9cnico del Tri.<\/p>\n<p style=\"text-align: center;\"><span id=\"ctl14_lblMostra\"><a href=\"https:\/\/www.futboltotal.com.mx\/copa-mundial-de-futbol-2018\/noticias\/andres-guardado-suena-ganar-mundial-muchos-me-diran-loco\" target=\"_blank\" rel=\"noopener\"><span style=\"color: #333399;\">VER M\u00c1S: Andr\u00e9s Guardado sue\u00f1a con ganar el Mundial: &#8220;Muchos me dir\u00e1n loco&#8221;<\/span><\/a><\/span><\/p>\n<p><span id=\"ctl14_lblMostra\">&#8216;Chicharito&#8217;, quien milit\u00f3 en el Manchester United entre 2010 y 2014, y de nuevo en la temporada 2015\/16, coincidi\u00f3 all\u00ed con Moyes en la campa\u00f1a 2013\/2014, quien habitualmente le utiliz\u00f3 como suplente.<\/span><\/p>\n<p>Sin embargo, seg\u00fan el seleccionador mexicano, la situaci\u00f3n deber\u00eda de cambiar en esta nueva relaci\u00f3n en el West Ham.<\/p>\n<p>&#8220;Est\u00e1 en el West Ham, un equipo que no disputa los primeros tres lugares, como antes en el Manchester, y obviamente las perspectivas, las necesidades, son muy diferentes&#8221;, dijo el colombiano.<\/p>\n<p>&#8220;Va a tomar esto como un nuevo reto, un nuevo desaf\u00edo&#8221; y har\u00e1 todo lo posible por &#8220;ganarse un puesto en el equipo&#8221;, concluy\u00f3 el seleccionador de M\u00e9xico, que ma\u00f1ana se enfrentar\u00e1 contra <strong>B\u00e9lgica<\/strong> en partido amistoso en el <strong>Estadio Rey Balduino<\/strong> de <strong>Bruselas<\/strong> a las 13:45 horas (tiempo de M\u00e9xico).<\/p>\n<\/div>\n<\/div>\n","protected":false},"excerpt":{"rendered":"<p>El entrenador del Tri conf\u00eda en que Hern\u00e1ndez convenza al t\u00e9cnico &#8216;Hammer&#8217;.<\/p>\n","protected":false},"author":154,"featured_media":508682,"comment_status":"closed","ping_status":"closed","sticky":false,"template":"","format":"standard","meta":[],"categories":[5,3839,3846,3847],"tags":[120,549,4037,6196,65,409,1743],"_links":{"self":[{"href":"http:\/\/desarrollo.grupomedios.com\/futbol\/wp-json\/wp\/v2\/posts\/508681"}],"collection":[{"href":"http:\/\/desarrollo.grupomedios.com\/futbol\/wp-json\/wp\/v2\/posts"}],"about":[{"href":"http:\/\/desarrollo.grupomedios.com\/futbol\/wp-json\/wp\/v2\/types\/post"}],"author":[{"embeddable":true,"href":"http:\/\/desarrollo.grupomedios.com\/futbol\/wp-json\/wp\/v2\/users\/154"}],"replies":[{"embeddable":true,"href":"http:\/\/desarrollo.grupomedios.com\/futbol\/wp-json\/wp\/v2\/comments?post=508681"}],"version-history":[{"count":2,"href":"http:\/\/desarrollo.grupomedios.com\/futbol\/wp-json\/wp\/v2\/posts\/508681\/revisions"}],"predecessor-version":[{"id":508684,"href":"http:\/\/desarrollo.grupomedios.com\/futbol\/wp-json\/wp\/v2\/posts\/508681\/revisions\/508684"}],"wp:featuredmedia":[{"embeddable":true,"href":"http:\/\/desarrollo.grupomedios.com\/futbol\/wp-json\/wp\/v2\/media\/508682"}],"wp:attachment":[{"href":"http:\/\/desarrollo.grupomedios.com\/futbol\/wp-json\/wp\/v2\/media?parent=508681"}],"wp:term":[{"taxonomy":"category","embeddable":true,"href":"http:\/\/desarrollo.grupomedios.com\/futbol\/wp-json\/wp\/v2\/categories?post=508681"},{"taxonomy":"post_tag","embeddable":true,"href":"http:\/\/desarrollo.grupomedios.com\/futbol\/wp-json\/wp\/v2\/tags?post=508681"}],"curies":[{"name":"wp","href":"https:\/\/api.w.org\/{rel}","templated":true}]}}