{"id":508688,"date":"2017-11-09T09:14:36","date_gmt":"2017-11-09T15:14:36","guid":{"rendered":"https:\/\/www.futboltotal.com.mx\/?p=508688"},"modified":"2017-11-09T09:14:36","modified_gmt":"2017-11-09T15:14:36","slug":"pumas-xolos-sondean-a-pablo-guede-dt-colo-colo","status":"publish","type":"post","link":"http:\/\/desarrollo.grupomedios.com\/futbol\/futbol-mexicano\/pumas-xolos-sondean-a-pablo-guede-dt-colo-colo\/2017\/11","title":{"rendered":"Pumas y Xolos sondean a Pablo Guede, DT de Colo Colo"},"content":{"rendered":"<p><strong>POR: STAFF FT<\/strong><\/p>\n<p><strong>Pumas y Xolos de Tijuana<\/strong> no han tenido un buen torneo <strong>Apertura 2017<\/strong> y ya est\u00e1n pensando en c\u00f3mo recomponer el camino para el pr\u00f3ximo a\u00f1o, pues estar\u00edan sondeando al actual director t\u00e9cnico de <strong>Colo Colo<\/strong>, el argentino <strong>Pablo Guede,<\/strong> de acuerdo con la prensa chilena, lo que se suma a los rumores con respecto a los Felinos quienes ya han tenido varios nombres en su \u00f3rbita para llegar al banquillo auriazul.<\/p>\n<p>De acuerdo con ADN Deportes, cadena chilena, la <strong>Liga MX<\/strong> est\u00e1 rondando al estratega y los dos equipos que han preguntado por sus servicios con <strong>Pumas y Tijuana<\/strong>, adem\u00e1s que hay un inter\u00e9s por parte del futbol de los<strong>\u00a0Emiratos \u00c1rabes Unidos,<\/strong> de donde tambi\u00e9n le han surgido buenas ofertas en lo monetario.<\/p>\n<p style=\"text-align: center;\"><a href=\"https:\/\/www.futboltotal.com.mx\/futbol-internacional\/liga-de-espana\/umtiti-no-renovara-con-barcelona-psg-puede-ficharlo\/2017\/11\">VER M\u00c1S: Umtiti no renovar\u00e1 con Barcelona; PSG puede ficharlo<\/a><\/p>\n<p>Otro rumor que se escucha con fuerza es que podr\u00eda llegar al <strong>M\u00e1laga de Espa\u00f1a<\/strong>, pues estuvo ah\u00ed como jugador y lo requerir\u00edan para sacarlos de los \u00faltimos lugares. Por su parte el\u00a0diario\u00a0<em>La Segunda\u00a0<\/em>da pr\u00e1cticamente como un hecho que saldr\u00e1 del <strong>&#8216;Cacique&#8217;<\/strong> sin importar que salga campe\u00f3n de liga y que tenga un contrato hasta junio del 2018.<\/p>\n<p>Como estratega ha dirigido a <strong>El Palo<\/strong> en Espa\u00f1a, <strong>Nueva Chicago<\/strong> y<strong> San Lorenzo<\/strong> en Argentina, <strong>Palestino<\/strong> y <strong>Colo Colo<\/strong> en Chile, con este \u00faltimo ha ganado una Copa y una Supercopa, nunca ha logrado ser campe\u00f3n de liga.<\/p>\n<p style=\"text-align: center;\"><a href=\"https:\/\/www.futboltotal.com.mx\/futbol-mexicano\/liga-mx\/nicolas-castillo-sera-operado-baja-cinco-semanas\/2017\/11\">VER M\u00c1S: Nicol\u00e1s Castillo ser\u00e1 operado y es baja por cinco semanas<\/a><\/p>\n","protected":false},"excerpt":{"rendered":"<p>El estratega argentino podr\u00eda ocupar un banquillo de la Liga MX<\/p>\n","protected":false},"author":159,"featured_media":508691,"comment_status":"closed","ping_status":"closed","sticky":false,"template":"","format":"standard","meta":[],"categories":[2198,3845],"tags":[9028,64,11114,74,5974,1673],"_links":{"self":[{"href":"http:\/\/desarrollo.grupomedios.com\/futbol\/wp-json\/wp\/v2\/posts\/508688"}],"collection":[{"href":"http:\/\/desarrollo.grupomedios.com\/futbol\/wp-json\/wp\/v2\/posts"}],"about":[{"href":"http:\/\/desarrollo.grupomedios.com\/futbol\/wp-json\/wp\/v2\/types\/post"}],"author":[{"embeddable":true,"href":"http:\/\/desarrollo.grupomedios.com\/futbol\/wp-json\/wp\/v2\/users\/159"}],"replies":[{"embeddable":true,"href":"http:\/\/desarrollo.grupomedios.com\/futbol\/wp-json\/wp\/v2\/comments?post=508688"}],"version-history":[{"count":1,"href":"http:\/\/desarrollo.grupomedios.com\/futbol\/wp-json\/wp\/v2\/posts\/508688\/revisions"}],"predecessor-version":[{"id":508693,"href":"http:\/\/desarrollo.grupomedios.com\/futbol\/wp-json\/wp\/v2\/posts\/508688\/revisions\/508693"}],"wp:featuredmedia":[{"embeddable":true,"href":"http:\/\/desarrollo.grupomedios.com\/futbol\/wp-json\/wp\/v2\/media\/508691"}],"wp:attachment":[{"href":"http:\/\/desarrollo.grupomedios.com\/futbol\/wp-json\/wp\/v2\/media?parent=508688"}],"wp:term":[{"taxonomy":"category","embeddable":true,"href":"http:\/\/desarrollo.grupomedios.com\/futbol\/wp-json\/wp\/v2\/categories?post=508688"},{"taxonomy":"post_tag","embeddable":true,"href":"http:\/\/desarrollo.grupomedios.com\/futbol\/wp-json\/wp\/v2\/tags?post=508688"}],"curies":[{"name":"wp","href":"https:\/\/api.w.org\/{rel}","templated":true}]}}