{"id":508699,"date":"2017-11-09T10:34:18","date_gmt":"2017-11-09T16:34:18","guid":{"rendered":"https:\/\/www.futboltotal.com.mx\/?p=508699"},"modified":"2017-11-09T10:34:18","modified_gmt":"2017-11-09T16:34:18","slug":"sergio-ramos-algunos-no-nos-gusta-personalidad-cristiano","status":"publish","type":"post","link":"http:\/\/desarrollo.grupomedios.com\/futbol\/futbol-internacional\/sergio-ramos-algunos-no-nos-gusta-personalidad-cristiano\/2017\/11","title":{"rendered":"Sergio Ramos: &#8220;A algunos no nos gusta la personalidad de Cristiano&#8221;"},"content":{"rendered":"<p>Para nadie es un secreto que el <strong>Real Madrid<\/strong> no vive su mejor momento a nivel deportivo, lo cual parece ser un reflejo del ambiente que se ha visto afectado entre el plantel, siendo ahora el capit\u00e1n merengue <strong>Sergio Ramos<\/strong> quien podr\u00eda causar una pol\u00e9mica con el astro <strong>Cristiano Ronaldo<\/strong> al externar que no le gusta la personalidad del portugu\u00e9s.<\/p>\n<p>Ramos dio una entrevista para el programa\u00a0El Larguero de la Cadena Ser, donde habl\u00f3 de diversos temas incluyendo la forma de ser de &#8216;<strong>CR7<\/strong>&#8216; y su actitud ganadora que en ocasiones le hace actuar de forma distante, alejada a los intereses generales del madridismo.<\/p>\n<p style=\"text-align: center;\"><a href=\"https:\/\/www.futboltotal.com.mx\/futbol-internacional\/hirving-lozano-brilla-nivel-bajo-en-holanda-westerhoff\/2017\/11\" target=\"_blank\" rel=\"noopener\"><span style=\"color: #333399;\">VER M\u00c1S: Westerhoff asegura que Chucky Lozano brilla en Holanda porque el nivel baj\u00f3<\/span><\/a><\/p>\n<p>&#8220;Que no celebre los goles de <strong>Isco<\/strong>&#8230;. a cada uno le puede gustar m\u00e1s o menos. Yo le conozco desde hace mucho y s\u00e9 de su ambici\u00f3n y c\u00f3mo se va m\u00e1s vinagre a casa. Que quiz\u00e1s no es lo mejor, puede ser. A algunos no nos gusta.<\/p>\n<p>&#8220;A m\u00ed me da igual quien marque, como si sube <strong>Keylor<\/strong> o <strong>Kiko<\/strong> <strong>Casilla<\/strong> y la enchufa. Pero es verdad que Cristiano tiene otro rol, otros objetivos como el <strong>Bal\u00f3n de Oro<\/strong>&#8230; pero nos da mucho y no nos podemos disgustar&#8221;, confes\u00f3 el defensa.<\/p>\n<p>&nbsp;<\/p>\n<p><iframe loading=\"lazy\" src=\"https:\/\/www.youtube.com\/embed\/6iRdOOPQ6x4?start=979\" frameborder=\"0\" allowfullscreen=\"allowfullscreen\"><\/iframe><\/p>\n<p>Adem\u00e1s, Ramos manifest\u00f3 que tiene una postura diferente a la de Ronaldo, quien en d\u00edas pasados opin\u00f3 que el Real Madrid ser\u00eda m\u00e1s fuerte si a\u00fan contara en su plantel con jugadores como <strong>\u00c1lvaro Morata<\/strong>, <strong>James Rodr\u00edguez<\/strong> y <strong>Pepe<\/strong>, quienes dejaron el equipo al final de la temporada pasada.<\/p>\n<p>&#8220;No estoy de acuerdo con Cristiano con que la plantilla es menos fuerte, me parece una opini\u00f3n ventajista, nadie pens\u00f3 eso cuando ganamos las Supercopas, yo no echo de menos a nadie. Hemos ganado todo con los jugadores que tenemos. La plantilla ha cambiado, pero unos jugadores aportan unas cosas y otros otras&#8221;, agreg\u00f3 el central.<\/p>\n","protected":false},"excerpt":{"rendered":"<p>El capit\u00e1n del Real Madrid hizo cr\u00edticas declaraciones sobre el astro portugu\u00e9s.<\/p>\n","protected":false},"author":154,"featured_media":508712,"comment_status":"closed","ping_status":"closed","sticky":false,"template":"","format":"standard","meta":[],"categories":[3839,3844],"tags":[6013,5988,6020],"_links":{"self":[{"href":"http:\/\/desarrollo.grupomedios.com\/futbol\/wp-json\/wp\/v2\/posts\/508699"}],"collection":[{"href":"http:\/\/desarrollo.grupomedios.com\/futbol\/wp-json\/wp\/v2\/posts"}],"about":[{"href":"http:\/\/desarrollo.grupomedios.com\/futbol\/wp-json\/wp\/v2\/types\/post"}],"author":[{"embeddable":true,"href":"http:\/\/desarrollo.grupomedios.com\/futbol\/wp-json\/wp\/v2\/users\/154"}],"replies":[{"embeddable":true,"href":"http:\/\/desarrollo.grupomedios.com\/futbol\/wp-json\/wp\/v2\/comments?post=508699"}],"version-history":[{"count":1,"href":"http:\/\/desarrollo.grupomedios.com\/futbol\/wp-json\/wp\/v2\/posts\/508699\/revisions"}],"predecessor-version":[{"id":508715,"href":"http:\/\/desarrollo.grupomedios.com\/futbol\/wp-json\/wp\/v2\/posts\/508699\/revisions\/508715"}],"wp:featuredmedia":[{"embeddable":true,"href":"http:\/\/desarrollo.grupomedios.com\/futbol\/wp-json\/wp\/v2\/media\/508712"}],"wp:attachment":[{"href":"http:\/\/desarrollo.grupomedios.com\/futbol\/wp-json\/wp\/v2\/media?parent=508699"}],"wp:term":[{"taxonomy":"category","embeddable":true,"href":"http:\/\/desarrollo.grupomedios.com\/futbol\/wp-json\/wp\/v2\/categories?post=508699"},{"taxonomy":"post_tag","embeddable":true,"href":"http:\/\/desarrollo.grupomedios.com\/futbol\/wp-json\/wp\/v2\/tags?post=508699"}],"curies":[{"name":"wp","href":"https:\/\/api.w.org\/{rel}","templated":true}]}}