{"id":508710,"date":"2017-11-09T10:55:28","date_gmt":"2017-11-09T16:55:28","guid":{"rendered":"https:\/\/www.futboltotal.com.mx\/?p=508710"},"modified":"2017-11-09T10:55:28","modified_gmt":"2017-11-09T16:55:28","slug":"eden-hazard-jugar-para-zidane-seria-sueno","status":"publish","type":"post","link":"http:\/\/desarrollo.grupomedios.com\/futbol\/futbol-internacional\/eden-hazard-jugar-para-zidane-seria-sueno\/2017\/11","title":{"rendered":"Eden Hazard: &#8220;Jugar para Zidane ser\u00eda un sue\u00f1o&#8221;"},"content":{"rendered":"<p>POR: STAFF FT<\/p>\n<p>A pesar que el mediocampista de <strong>B\u00e9lgica y Chelsea,<\/strong>\u00a0<strong>Eden Hazard<\/strong>, ha manifestado que es feliz en el equipo de la Premier League, ha mandado un nuevo\u00a0 mensaje al Real Madrid a trav\u00e9s de su estratega <strong>Zinedine Zidane<\/strong>, pues ha manifestado que est\u00e1 muy interesado en jugar bajo su mando.<\/p>\n<p>El &#8217;10&#8217; del Chelsea no ocult\u00f3 que para \u00e9l ser\u00eda un sue\u00f1o entrenar en el mismo equipo de &#8216;Zizou&#8217;, estas declaraciones llegan luego que varios rumores han situado al futbolista en el <strong>Real Madrid<\/strong> como uno de los posibles refuerzos para el mercado de verano.<\/p>\n<p style=\"text-align: center;\"><a href=\"https:\/\/www.futboltotal.com.mx\/futbol-mexicano\/liga-mx\/pumas-xolos-sondean-a-pablo-guede-dt-colo-colo\/2017\/11\">VER M\u00c1S: Pumas y Xolos sondean a Pablo Guede, DT de Colo Colo<\/a><\/p>\n<blockquote><p>&#8220;Todo el mundo sabe el respeto que le tengo. Por el jugador que fue y por el entrenador que es, \u00e9l es mi \u00eddolo. Claro que no s\u00e9 lo que pasar\u00e1 con mi carrera en el futuro, pero <strong>jugar a sus \u00f3rdenes ser\u00eda un sue\u00f1o<\/strong>. Ahora, sin embargo, estoy feliz en el Chelsea. Tengo muchas cosas que hacer aqu\u00ed y solo pienso en el Chelsea&#8221;, expres\u00f3 en una entrevista para\u00a0<em>RTL<\/em>.<\/p><\/blockquote>\n<p>De igual forma manifest\u00f3 su respeto hacia el estratega portugu\u00e9s, <strong>Jos\u00e9 Mourinho<\/strong>, quien sali\u00f3 de forma inesperada y controvertida del Chelsea, pero de igual manera indic\u00f3 que en alg\u00fan momento podr\u00eda volver a encontrarse con \u00e9l y compartir en el mismo equipo;\u00a0<strong>&#8220;No me molestar\u00eda volver a jugar junto a \u00e9l&#8221;<\/strong>, dijo.<\/p>\n<p style=\"text-align: center;\"><a href=\"https:\/\/www.futboltotal.com.mx\/futbol-internacional\/liga-de-espana\/umtiti-no-renovara-con-barcelona-psg-puede-ficharlo\/2017\/11\">VER M\u00c1S: Umtiti no renovar\u00e1 con Barcelona; PSG puede ficharlo<\/a><\/p>\n","protected":false},"excerpt":{"rendered":"<p>El mediocampista desea estar bajo el mando del estratega franc\u00e9s<\/p>\n","protected":false},"author":159,"featured_media":508719,"comment_status":"closed","ping_status":"closed","sticky":false,"template":"","format":"standard","meta":[],"categories":[3839,3844],"tags":[5981,6058,5988,2215],"_links":{"self":[{"href":"http:\/\/desarrollo.grupomedios.com\/futbol\/wp-json\/wp\/v2\/posts\/508710"}],"collection":[{"href":"http:\/\/desarrollo.grupomedios.com\/futbol\/wp-json\/wp\/v2\/posts"}],"about":[{"href":"http:\/\/desarrollo.grupomedios.com\/futbol\/wp-json\/wp\/v2\/types\/post"}],"author":[{"embeddable":true,"href":"http:\/\/desarrollo.grupomedios.com\/futbol\/wp-json\/wp\/v2\/users\/159"}],"replies":[{"embeddable":true,"href":"http:\/\/desarrollo.grupomedios.com\/futbol\/wp-json\/wp\/v2\/comments?post=508710"}],"version-history":[{"count":1,"href":"http:\/\/desarrollo.grupomedios.com\/futbol\/wp-json\/wp\/v2\/posts\/508710\/revisions"}],"predecessor-version":[{"id":508720,"href":"http:\/\/desarrollo.grupomedios.com\/futbol\/wp-json\/wp\/v2\/posts\/508710\/revisions\/508720"}],"wp:featuredmedia":[{"embeddable":true,"href":"http:\/\/desarrollo.grupomedios.com\/futbol\/wp-json\/wp\/v2\/media\/508719"}],"wp:attachment":[{"href":"http:\/\/desarrollo.grupomedios.com\/futbol\/wp-json\/wp\/v2\/media?parent=508710"}],"wp:term":[{"taxonomy":"category","embeddable":true,"href":"http:\/\/desarrollo.grupomedios.com\/futbol\/wp-json\/wp\/v2\/categories?post=508710"},{"taxonomy":"post_tag","embeddable":true,"href":"http:\/\/desarrollo.grupomedios.com\/futbol\/wp-json\/wp\/v2\/tags?post=508710"}],"curies":[{"name":"wp","href":"https:\/\/api.w.org\/{rel}","templated":true}]}}