{"id":508711,"date":"2017-11-09T10:34:22","date_gmt":"2017-11-09T16:34:22","guid":{"rendered":"https:\/\/www.futboltotal.com.mx\/?p=508711"},"modified":"2017-11-09T10:34:22","modified_gmt":"2017-11-09T16:34:22","slug":"robert-lewandowski-jugara-contra-mexico-lesion","status":"publish","type":"post","link":"http:\/\/desarrollo.grupomedios.com\/futbol\/futbol-internacional\/robert-lewandowski-jugara-contra-mexico-lesion\/2017\/11","title":{"rendered":"Robert Lewandowski no jugar\u00e1 contra M\u00e9xico por lesi\u00f3n"},"content":{"rendered":"<p>El delantero polaco <strong>Robert Lewandowski<\/strong> se perder\u00e1 definitivamente los amistosos que su selecci\u00f3n disputar\u00e1 ma\u00f1ana contra<strong> Uruguay<\/strong> y el pr\u00f3ximo martes frente a <strong>M\u00e9xico<\/strong> a causa de las molestias que arrastra en el muslo izquierdo, seg\u00fan confirm\u00f3 hoy en un comunicado la Federaci\u00f3n Polaca de F\u00fatbol.<\/p>\n<p>&#8220;El doctor de la selecci\u00f3n, <strong>Jacek Jaroszewski<\/strong>, ha decidido la conveniencia de que Robert Lewandowski descanse para curar por completo su lesi\u00f3n&#8221;, se\u00f1al\u00f3 la Federaci\u00f3n.<\/p>\n<p style=\"text-align: center;\"><span style=\"color: #3366ff;\"><a href=\"https:\/\/www.futboltotal.com.mx\/futbol-mexicano\/liga-mx\/fernando-uribe-tiene-los-dias-contados-en-toluca\/2017\/11\">VER M\u00c1S: Fernando Uribe tiene los d\u00edas contados en Toluca<\/a><\/span><\/p>\n<p>El delantero del <strong>Bayern M\u00fanich<\/strong>, de 29 a\u00f1os, tuvo que retirarse el pasado 28 de octubre en el descanso del partido de <strong>Bundesliga<\/strong> contra <strong>Leipzig<\/strong> debido a un dolor muscular en el muslo izquierdo que todav\u00eda arrastra y que le oblig\u00f3 a perderse el choque de <strong>Champions League<\/strong> ante el <strong>Celtic<\/strong>.<\/p>\n<p>Lewandowski s\u00ed pudo disputar el pasado encuentro contra el<strong> Borussia Dortmund<\/strong>, que finaliz\u00f3 de nuevo con molestias en el muslo.<\/p>\n<p>El defensa polaco <strong>Michal Pazdan<\/strong> tambi\u00e9n se perder\u00e1 ma\u00f1ana el amistoso contra Uruguay por una lesi\u00f3n en el tobillo, a\u00f1adi\u00f3 la Federaci\u00f3n en su comunicado, que dej\u00f3 la puerta abierta a su presencia el pr\u00f3ximo d\u00eda 13 ante M\u00e9xico.<\/p>\n<p>Polonia tiene previsto disputar dos partidos amistosos, ma\u00f1ana en <strong>Varsovia<\/strong> contra Uruguay y el pr\u00f3ximo martes en <strong>Gdansk<\/strong> frente a M\u00e9xico, como preparaci\u00f3n para el <strong>Mundial de Rusia 2018<\/strong>. EFE<\/p>\n<p style=\"text-align: center;\"><span style=\"color: #3366ff;\"><a href=\"https:\/\/www.futboltotal.com.mx\/futbol-mexicano\/seleccion-mexicana\/tri-osorio-vs-potencias-ha-logrado-en-etapa\/2017\/11\">VER M\u00c1S: El Tri de Osorio vs. Potencias: \u00bfQu\u00e9 ha logrado en su etapa?<\/a><\/span><\/p>\n","protected":false},"excerpt":{"rendered":"<p>El polaco tiene molestias de un partido con el Bayern Munich.<\/p>\n","protected":false},"author":129,"featured_media":508714,"comment_status":"closed","ping_status":"closed","sticky":false,"template":"","format":"standard","meta":[],"categories":[3839],"tags":[2056,2763,65,1296,7234,503],"_links":{"self":[{"href":"http:\/\/desarrollo.grupomedios.com\/futbol\/wp-json\/wp\/v2\/posts\/508711"}],"collection":[{"href":"http:\/\/desarrollo.grupomedios.com\/futbol\/wp-json\/wp\/v2\/posts"}],"about":[{"href":"http:\/\/desarrollo.grupomedios.com\/futbol\/wp-json\/wp\/v2\/types\/post"}],"author":[{"embeddable":true,"href":"http:\/\/desarrollo.grupomedios.com\/futbol\/wp-json\/wp\/v2\/users\/129"}],"replies":[{"embeddable":true,"href":"http:\/\/desarrollo.grupomedios.com\/futbol\/wp-json\/wp\/v2\/comments?post=508711"}],"version-history":[{"count":1,"href":"http:\/\/desarrollo.grupomedios.com\/futbol\/wp-json\/wp\/v2\/posts\/508711\/revisions"}],"predecessor-version":[{"id":508716,"href":"http:\/\/desarrollo.grupomedios.com\/futbol\/wp-json\/wp\/v2\/posts\/508711\/revisions\/508716"}],"wp:featuredmedia":[{"embeddable":true,"href":"http:\/\/desarrollo.grupomedios.com\/futbol\/wp-json\/wp\/v2\/media\/508714"}],"wp:attachment":[{"href":"http:\/\/desarrollo.grupomedios.com\/futbol\/wp-json\/wp\/v2\/media?parent=508711"}],"wp:term":[{"taxonomy":"category","embeddable":true,"href":"http:\/\/desarrollo.grupomedios.com\/futbol\/wp-json\/wp\/v2\/categories?post=508711"},{"taxonomy":"post_tag","embeddable":true,"href":"http:\/\/desarrollo.grupomedios.com\/futbol\/wp-json\/wp\/v2\/tags?post=508711"}],"curies":[{"name":"wp","href":"https:\/\/api.w.org\/{rel}","templated":true}]}}