{"id":508717,"date":"2017-11-09T11:01:07","date_gmt":"2017-11-09T17:01:07","guid":{"rendered":"https:\/\/www.futboltotal.com.mx\/?p=508717"},"modified":"2017-11-09T11:01:07","modified_gmt":"2017-11-09T17:01:07","slug":"profeco-investiga-a-rayados-prohibir-entrada-a-aficionados-tigres","status":"publish","type":"post","link":"http:\/\/desarrollo.grupomedios.com\/futbol\/futbol-mexicano\/profeco-investiga-a-rayados-prohibir-entrada-a-aficionados-tigres\/2017\/11","title":{"rendered":"Profeco investiga a Rayados por prohibir entrada a aficionados de Tigres"},"content":{"rendered":"<p>Luego de que los <strong>Rayados de Monterrey<\/strong> <a href=\"https:\/\/www.futboltotal.com.mx\/futbol-mexicano\/liga-mx\/maxima-seguridad-duelo-monterrey-contra-tigres\/2017\/11\">prohibieran a los aficionados de los<\/a> <strong>Tigres<\/strong> entrara al <strong>estadio BBVA Bancomer<\/strong> para el pr\u00f3ximo <strong>Cl\u00e1sico Regio<\/strong> de la <strong>Jornada 17<\/strong>, la<strong> Procuraduria Federal del Consumidor<\/strong> ha iniciado una investigaci\u00f3n en contra del equipo albiazul y solicit\u00f3 una explicaci\u00f3n con argumentos s\u00f3lidos al club para tomar esa decisi\u00f3n.<\/p>\n<p style=\"text-align: center;\"><span style=\"color: #3366ff;\"><a href=\"https:\/\/www.futboltotal.com.mx\/futbol-mexicano\/liga-mx\/error-vetar-a-gente-playeras-tigres-en-estadio-rayados\/2017\/11\">VER M\u00c1S: &#8220;Un error, vetar a gente con playeras de Tigres en estadio de Rayados\u201d<\/a><\/span><\/p>\n<div id=\"attachment_508718\" style=\"width: 451px\" class=\"wp-caption aligncenter\"><img aria-describedby=\"caption-attachment-508718\" decoding=\"async\" loading=\"lazy\" class=\"size-full wp-image-508718\" src=\"https:\/\/www.futboltotal.com.mx\/wp-content\/uploads\/2017\/11\/comunicado-profeco.jpg\" alt=\"Comunicado Profeco sobre Rayados.\" srcset=\"http:\/\/desarrollo.grupomedios.com\/futbol\/wp-content\/uploads\/2017\/11\/comunicado-profeco.jpg 441w, http:\/\/desarrollo.grupomedios.com\/futbol\/wp-content\/uploads\/2017\/11\/comunicado-profeco-170x300.jpg 170w\" sizes=\"(max-width: 441px) 100vw, 441px\" \/><p id=\"caption-attachment-508718\" class=\"wp-caption-text\">La Profeco pidi\u00f3 una explicaci\u00f3n a Rayados por no dejar entrar a los aficionados de Tigres.<\/p><\/div>\n<p>\u201cEl club Monterrey tiene hasta el pr\u00f3ximo viernes, 10 de noviembre, para entregar su argumentaci\u00f3n del porqu\u00e9 tom\u00f3 esta medida que podr\u00eda contravenir la <strong>Ley Federal de Protecci\u00f3n al Consumidor,<\/strong> en virtud de que hasta hoy ha expresado que lo hace por motivos de seguridad y por tratarse de un juego de excepci\u00f3n\u201d, destaca el comunicado.<\/p>\n<p style=\"text-align: center;\"><span style=\"color: #3366ff;\"><a href=\"https:\/\/www.futboltotal.com.mx\/futbol-mexicano\/liga-mx\/maxima-seguridad-duelo-monterrey-contra-tigres\/2017\/11\">VER M\u00c1S: \u00a1M\u00e1xima seguridad para el duelo Monterrey contra Tigres!<\/a><\/span><\/p>\n<p>La Profeco explic\u00f3 que participa en la pol\u00e9mica \u201ctras las inconformidades de aficionados, reportadas por diversas v\u00edas\u201d, sobre la negativa de los directivos a aceptar playeras de Tigres despu\u00e9s de que el pasado jueves 2 difundieron que el encuentro es considerado \u201cde alto riesgo\u201d y, en ese sentido, activar\u00edan sus protocolos de seguridad.<\/p>\n","protected":false},"excerpt":{"rendered":"<p>La directiva de Rayados deber\u00e1 tener una explicaci\u00f3n.<\/p>\n","protected":false},"author":129,"featured_media":508721,"comment_status":"closed","ping_status":"closed","sticky":false,"template":"","format":"standard","meta":[],"categories":[2198,3845],"tags":[2199,1478,6827,3057,4080,497,5973],"_links":{"self":[{"href":"http:\/\/desarrollo.grupomedios.com\/futbol\/wp-json\/wp\/v2\/posts\/508717"}],"collection":[{"href":"http:\/\/desarrollo.grupomedios.com\/futbol\/wp-json\/wp\/v2\/posts"}],"about":[{"href":"http:\/\/desarrollo.grupomedios.com\/futbol\/wp-json\/wp\/v2\/types\/post"}],"author":[{"embeddable":true,"href":"http:\/\/desarrollo.grupomedios.com\/futbol\/wp-json\/wp\/v2\/users\/129"}],"replies":[{"embeddable":true,"href":"http:\/\/desarrollo.grupomedios.com\/futbol\/wp-json\/wp\/v2\/comments?post=508717"}],"version-history":[{"count":1,"href":"http:\/\/desarrollo.grupomedios.com\/futbol\/wp-json\/wp\/v2\/posts\/508717\/revisions"}],"predecessor-version":[{"id":508722,"href":"http:\/\/desarrollo.grupomedios.com\/futbol\/wp-json\/wp\/v2\/posts\/508717\/revisions\/508722"}],"wp:featuredmedia":[{"embeddable":true,"href":"http:\/\/desarrollo.grupomedios.com\/futbol\/wp-json\/wp\/v2\/media\/508721"}],"wp:attachment":[{"href":"http:\/\/desarrollo.grupomedios.com\/futbol\/wp-json\/wp\/v2\/media?parent=508717"}],"wp:term":[{"taxonomy":"category","embeddable":true,"href":"http:\/\/desarrollo.grupomedios.com\/futbol\/wp-json\/wp\/v2\/categories?post=508717"},{"taxonomy":"post_tag","embeddable":true,"href":"http:\/\/desarrollo.grupomedios.com\/futbol\/wp-json\/wp\/v2\/tags?post=508717"}],"curies":[{"name":"wp","href":"https:\/\/api.w.org\/{rel}","templated":true}]}}