{"id":508749,"date":"2017-11-09T13:22:28","date_gmt":"2017-11-09T19:22:28","guid":{"rendered":"https:\/\/www.futboltotal.com.mx\/?p=508749"},"modified":"2017-11-09T13:22:28","modified_gmt":"2017-11-09T19:22:28","slug":"thibaut-courtois-llena-elogios-a-guillermo-ochoa","status":"publish","type":"post","link":"http:\/\/desarrollo.grupomedios.com\/futbol\/futbol-mexicano\/thibaut-courtois-llena-elogios-a-guillermo-ochoa\/2017\/11","title":{"rendered":"Thibaut Courtois llena de elogios a Guillermo Ochoa"},"content":{"rendered":"<p><strong>POR: STAFF FT<\/strong><\/p>\n<p>El guardameta de la <strong>Selecci\u00f3n de B\u00e9lgica<\/strong>,\u00a0<strong>Thibaut Courtois<\/strong>, llen\u00f3 de elogios a su similar mexicano, <strong>Guillermo Ochoa<\/strong>, indicando que lo vislumbra como un arquero de primero mundo, pues tiene buenas referencias del arquero desde el <strong>Mundial de Brasil 2014<\/strong> y adem\u00e1s defendi\u00f3 su estancia en la <strong>Liga de B\u00e9lgica<\/strong>, pues mencion\u00f3 que es poco valorada en M\u00e9xico.<\/p>\n<p>\u201cYo creo que <strong>es un gran portero<\/strong>, creo que lo demostr\u00f3, <strong>sobre todo en el Mundial de Brasil,<\/strong> y que luego siempre lo ha hecho bien en donde ha jugado\u201d, declar\u00f3 el tambi\u00e9n guardameta del <strong>Chelsea<\/strong> para la cadena ESPN. En aquel Mundial, Ochoa disput\u00f3 cuatro encuentros con el Tri y recibi\u00f3 tres goles, uno en la fase de grupos y dos m\u00e1s en el pol\u00e9mico duelo definitivo ante <strong>Holanda<\/strong>, donde el penal anotado por <strong>Klaas-Jan Huntelaar<\/strong> elimin\u00f3 a la escuadra azteca.<\/p>\n<p style=\"text-align: center;\"><a href=\"https:\/\/www.futboltotal.com.mx\/futbol-mexicano\/liga-mx\/fernando-uribe-tiene-los-dias-contados-en-toluca\/2017\/11\">VER M\u00c1S: Fernando Uribe tiene los d\u00edas contados en Toluca<\/a><\/p>\n<p>\u201cYo creo que la Liga Belga est\u00e1 poco valorada en M\u00e9xico. Obviamente no es como Francia, Espa\u00f1a, Inglaterra o Italia, pero es una Liga donde el f\u00fatbol es muy f\u00edsico y <strong>yo creo que eso le ayudar\u00e1 a \u00e9l<\/strong>, porque es otra forma de jugar. Yo creo que en los balones a\u00e9reos y centros le van a chocar m\u00e1s, y eso es bueno para todos los porteros, aprender de eso\u201d, expres\u00f3 el guardameta.<\/p>\n<p>&#8220;Est\u00e1 dando un buen nivel en B\u00e9lgica, por lo que puedo ver. Est\u00e1 en un equipo importante, con una afici\u00f3n que es muy cr\u00edtica y <strong>\u00e9l est\u00e1 ganando el coraz\u00f3n de los aficionados aqu\u00ed<\/strong>\u201d, agreg\u00f3 para finalizar el arquero belga.<\/p>\n<p style=\"text-align: center;\"><a href=\"https:\/\/www.futboltotal.com.mx\/futbol-internacional\/dt-belgica-asegura-kevin-de-bruyne-puede-alcanzar-nivel-messi-cristiano\/2017\/11\">VER M\u00c1S: DT de B\u00e9lgica asegura que De Bruyne puede alcanzar nivel de Messi y Cristiano<\/a><\/p>\n","protected":false},"excerpt":{"rendered":"<p>El guardameta azteca se ha ganado el respeto del belga<\/p>\n","protected":false},"author":159,"featured_media":508750,"comment_status":"closed","ping_status":"closed","sticky":false,"template":"","format":"standard","meta":[],"categories":[2198,3847],"tags":[599,5991,65,6069,409],"_links":{"self":[{"href":"http:\/\/desarrollo.grupomedios.com\/futbol\/wp-json\/wp\/v2\/posts\/508749"}],"collection":[{"href":"http:\/\/desarrollo.grupomedios.com\/futbol\/wp-json\/wp\/v2\/posts"}],"about":[{"href":"http:\/\/desarrollo.grupomedios.com\/futbol\/wp-json\/wp\/v2\/types\/post"}],"author":[{"embeddable":true,"href":"http:\/\/desarrollo.grupomedios.com\/futbol\/wp-json\/wp\/v2\/users\/159"}],"replies":[{"embeddable":true,"href":"http:\/\/desarrollo.grupomedios.com\/futbol\/wp-json\/wp\/v2\/comments?post=508749"}],"version-history":[{"count":1,"href":"http:\/\/desarrollo.grupomedios.com\/futbol\/wp-json\/wp\/v2\/posts\/508749\/revisions"}],"predecessor-version":[{"id":508751,"href":"http:\/\/desarrollo.grupomedios.com\/futbol\/wp-json\/wp\/v2\/posts\/508749\/revisions\/508751"}],"wp:featuredmedia":[{"embeddable":true,"href":"http:\/\/desarrollo.grupomedios.com\/futbol\/wp-json\/wp\/v2\/media\/508750"}],"wp:attachment":[{"href":"http:\/\/desarrollo.grupomedios.com\/futbol\/wp-json\/wp\/v2\/media?parent=508749"}],"wp:term":[{"taxonomy":"category","embeddable":true,"href":"http:\/\/desarrollo.grupomedios.com\/futbol\/wp-json\/wp\/v2\/categories?post=508749"},{"taxonomy":"post_tag","embeddable":true,"href":"http:\/\/desarrollo.grupomedios.com\/futbol\/wp-json\/wp\/v2\/tags?post=508749"}],"curies":[{"name":"wp","href":"https:\/\/api.w.org\/{rel}","templated":true}]}}