{"id":508758,"date":"2017-11-09T14:25:09","date_gmt":"2017-11-09T20:25:09","guid":{"rendered":"https:\/\/www.futboltotal.com.mx\/?p=508758"},"modified":"2017-11-09T14:26:29","modified_gmt":"2017-11-09T20:26:29","slug":"chicharito-gana-premio-nacional-del-deporte-2017","status":"publish","type":"post","link":"http:\/\/desarrollo.grupomedios.com\/futbol\/destacado-home\/chicharito-gana-premio-nacional-del-deporte-2017\/2017\/11","title":{"rendered":"Chicharito gana Premio Nacional del Deporte 2017"},"content":{"rendered":"<p><strong>POR: STAFF FT<\/strong><\/p>\n<p>El delantero de la <strong>Selecci\u00f3n Mexicana<\/strong> y el <strong>West Ham United<\/strong>,\u00a0<strong>Javier &#8216;Chicharito&#8217; Hern\u00e1ndez<\/strong>, fue uno de los ganadores del\u00a0<strong>Premio Nacional de Deportes 2017<\/strong> en la categor\u00eda de deporte profesional, compartiendo la distinci\u00f3n con la\u00a0esgrimista mexicana <strong>Natalia Botello<\/strong> y la clavadista de altura <strong>Adriana Jim\u00e9nez<\/strong>, quienes lo hicieron en la categor\u00eda no profesional.<\/p>\n<p>Luego de una reuni\u00f3n en las instalaciones de\u00a0<strong>Comisi\u00f3n Nacional de Cultura F\u00edsica y Deportes<\/strong>, el jurado decidi\u00f3 premiar a los atletas por los logros conseguidos en el a\u00f1o en curso. El delantero azteca fich\u00f3 este a\u00f1o este a\u00f1o por el West Ham United de Inglaterra, continuando con su carrera en Europa.<\/p>\n<blockquote class=\"twitter-tweet\" data-lang=\"es\">\n<p dir=\"ltr\" lang=\"es\">Muchas felicidades a <a href=\"https:\/\/twitter.com\/CH14_?ref_src=twsrc%5Etfw\">@CH14_<\/a> por haber ganado el Premio Nacional de Deportes en M\u00e9xico. \u00a1Un orgullo que seas parte de la familia Hammer!\u2692&#x1f525;&#x1f1f2;&#x1f1fd; <a href=\"https:\/\/t.co\/yyVOoVwiDo\">pic.twitter.com\/yyVOoVwiDo<\/a><\/p>\n<p>\u2014 WestHamEspa\u00f1ol (@WestHamEspanol) <a href=\"https:\/\/twitter.com\/WestHamEspanol\/status\/928715222692651008?ref_src=twsrc%5Etfw\">9 de noviembre de 2017<\/a><\/p><\/blockquote>\n<p><script async src=\"https:\/\/platform.twitter.com\/widgets.js\" charset=\"utf-8\"><\/script><\/p>\n<p style=\"text-align: center;\"><a href=\"https:\/\/www.futboltotal.com.mx\/futbol-mexicano\/liga-mx\/pumas-xolos-sondean-a-pablo-guede-dt-colo-colo\/2017\/11\">VER M\u00c1S: Pumas y Xolos sondean a Pablo Guede, DT de Colo Colo<\/a><\/p>\n<p>El delantero azteca ha jugado en equipos destacados como el <strong>Manchester United<\/strong> y <strong>Real Madrid<\/strong>, adem\u00e1s de ser el m\u00e1ximo anotador en la <strong>Selecci\u00f3n Mexicana<\/strong>.<\/p>\n<p>Por otro lado el premio\u00a0M\u00e9rito Deportivo se lo llevaron el empresario <strong>Carlos Slim<\/strong>, el medallista ol\u00edmpico <strong>Daniel Aceves<\/strong> y el <strong>\u201cSanto\u201d<\/strong>.<\/p>\n<p><strong>ESTA ES LA LISTA COMPLETA DE LOS GANADORES:<\/strong><\/p>\n<p>Deporte Amateur: Natalia Botello (Esgrima), Adriana Jim\u00e9nez (Clavados de Altura)<\/p>\n<p><strong>Deporte Profesional: Javier Hernandez (futbol)<\/strong><\/p>\n<p>Deporte Adaptado: Diana Laura Coraza (Atletismo), Maria Isabel Huitr\u00f3n (Judo)<\/p>\n<p>Entrenador: Adriana Lofus (Nado Sincronizado), Ivan Rodr\u00edguez (Atletismo)<\/p>\n<p>Juez: Sergio Rocha (clavados)<\/p>\n<p>Trayectoria Deportiva: Daniel Aceves Felipe Mu\u00f1oz \u201cel tibio\u201d<\/p>\n<p>Trayectoria Deportiva Post Mortem: El Santo<\/p>\n<p>Fomento Deportivo:Carlos Slim<\/p>\n<p style=\"text-align: center;\"><a href=\"https:\/\/www.futboltotal.com.mx\/futbol-internacional\/liga-de-espana\/atletico-madrid-buscara-fichar-a-mesut-ozil\/2017\/11\">VER M\u00c1S: Atl\u00e9tico de Madrid buscar\u00e1 fichar a Mesut \u00d6zil<\/a><\/p>\n","protected":false},"excerpt":{"rendered":"<p>El mexicano fue el elegido para llevarse el galard\u00f3n<\/p>\n","protected":false},"author":159,"featured_media":508761,"comment_status":"closed","ping_status":"closed","sticky":false,"template":"","format":"standard","meta":[],"categories":[5,2198,3847],"tags":[120,549,65,409,3901],"_links":{"self":[{"href":"http:\/\/desarrollo.grupomedios.com\/futbol\/wp-json\/wp\/v2\/posts\/508758"}],"collection":[{"href":"http:\/\/desarrollo.grupomedios.com\/futbol\/wp-json\/wp\/v2\/posts"}],"about":[{"href":"http:\/\/desarrollo.grupomedios.com\/futbol\/wp-json\/wp\/v2\/types\/post"}],"author":[{"embeddable":true,"href":"http:\/\/desarrollo.grupomedios.com\/futbol\/wp-json\/wp\/v2\/users\/159"}],"replies":[{"embeddable":true,"href":"http:\/\/desarrollo.grupomedios.com\/futbol\/wp-json\/wp\/v2\/comments?post=508758"}],"version-history":[{"count":1,"href":"http:\/\/desarrollo.grupomedios.com\/futbol\/wp-json\/wp\/v2\/posts\/508758\/revisions"}],"predecessor-version":[{"id":508762,"href":"http:\/\/desarrollo.grupomedios.com\/futbol\/wp-json\/wp\/v2\/posts\/508758\/revisions\/508762"}],"wp:featuredmedia":[{"embeddable":true,"href":"http:\/\/desarrollo.grupomedios.com\/futbol\/wp-json\/wp\/v2\/media\/508761"}],"wp:attachment":[{"href":"http:\/\/desarrollo.grupomedios.com\/futbol\/wp-json\/wp\/v2\/media?parent=508758"}],"wp:term":[{"taxonomy":"category","embeddable":true,"href":"http:\/\/desarrollo.grupomedios.com\/futbol\/wp-json\/wp\/v2\/categories?post=508758"},{"taxonomy":"post_tag","embeddable":true,"href":"http:\/\/desarrollo.grupomedios.com\/futbol\/wp-json\/wp\/v2\/tags?post=508758"}],"curies":[{"name":"wp","href":"https:\/\/api.w.org\/{rel}","templated":true}]}}