{"id":508760,"date":"2017-11-09T14:43:10","date_gmt":"2017-11-09T20:43:10","guid":{"rendered":"https:\/\/www.futboltotal.com.mx\/?p=508760"},"modified":"2017-11-09T14:44:26","modified_gmt":"2017-11-09T20:44:26","slug":"la-foto-indigno-a-toda-la-seleccion-femenil-colombia","status":"publish","type":"post","link":"http:\/\/desarrollo.grupomedios.com\/futbol\/futbol-internacional\/la-foto-indigno-a-toda-la-seleccion-femenil-colombia\/2017\/11","title":{"rendered":"La foto que indign\u00f3 a toda la selecci\u00f3n femenil de Colombia"},"content":{"rendered":"<p><strong>POR: STAFF FT<\/strong><\/p>\n<p>La <strong>selecci\u00f3n femenil de Colombia<\/strong> se mostr\u00f3 muy indignada por la forma en c\u00f3mo se dio la presentaci\u00f3n de la nueva playera del combinado sudamericano.<\/p>\n<p>La empresa<em> ADIDAS<\/em>, patrocinadora de los cafetaleros, escogi\u00f3 a una modelo para ser la portadora de la nueva piel de la selecci\u00f3n colombiana, situaci\u00f3n que molest\u00f3 a las futbolistas.<\/p>\n<p><strong>Vanessa C\u00f3rdoba<\/strong>, portera de la selecci\u00f3n colombiana, se\u00f1al\u00f3 que es incre\u00edble que no se haya contemplado a alguna de las futbolistas para ser la que presumiera la nueva playera del equipo, y en lugar de ello hubieran escogido a una chica ajena al mundo del futbol.<\/p>\n<p style=\"text-align: center;\"><span style=\"color: #333399;\"><a href=\"https:\/\/www.futboltotal.com.mx\/futbol-internacional\/diego-forlan-cambio-futbol-tenis-en-abierto-uruguay\/2017\/11\">VER M\u00c1S:\u00a0<span class=\"item-title\">Diego Forl\u00e1n cambi\u00f3 el futbol por el tenis en el Abierto de Uruguay<\/span><\/a><\/span><\/p>\n<p>La modelo <strong>Paulina Vega<\/strong> fue la que tuvo la distinci\u00f3n de posar para presentar la nueva playera de la selecci\u00f3n de Colombia por parte de las mujeres, mientras que por los hombres quien la presumi\u00f3 fue el futbolista James Rodr\u00edguez.<\/p>\n<p>Este parece ser un error involuntario de la empresa patrocinadora, pero es algo que ya gener\u00f3 mucha irritaci\u00f3n en el seno femenil colombiano.<\/p>\n<p>Y esta es la imagen que caus\u00f3 la controversia en Colombia.<\/p>\n<blockquote class=\"instagram-media\" style=\"background: #FFF; border: 0; border-radius: 3px; box-shadow: 0 0 1px 0 rgba(0,0,0,0.5),0 1px 10px 0 rgba(0,0,0,0.15); margin: 1px; max-width: 658px; padding: 0; width: calc(100% - 2px);\" data-instgrm-captioned=\"\" data-instgrm-version=\"7\">\n<div style=\"padding: 8px;\">\n<div style=\"background: #F8F8F8; line-height: 0; margin-top: 40px; padding: 62.5% 0; text-align: center; width: 100%;\"><\/div>\n<p style=\"margin: 8px 0 0 0; padding: 0 4px;\"><a style=\"color: #000; font-family: Arial,sans-serif; font-size: 14px; font-style: normal; font-weight: normal; line-height: 17px; text-decoration: none; word-wrap: break-word;\" href=\"https:\/\/www.instagram.com\/p\/BbJ92g8DxPZ\/\" target=\"_blank\" rel=\"noopener\">La nueva camiseta de la Seleccion Colombia me empodera. Lista para apoyarlos el otro a\u00f1o en Rusia. #HereToCreate @adidasco @adidasfootball @jamesrodriguez10 @d_ospina1 @cuadrado<\/a><\/p>\n<p style=\"color: #c9c8cd; font-family: Arial,sans-serif; font-size: 14px; line-height: 17px; margin-bottom: 0; margin-top: 8px; overflow: hidden; padding: 8px 0 7px; text-align: center; text-overflow: ellipsis; white-space: nowrap;\">Una publicaci\u00f3n compartida de Paulina Vega Dieppa (@paulinavegadiep) el <time style=\"font-family: Arial,sans-serif; font-size: 14px; line-height: 17px;\" datetime=\"2017-11-06T13:37:31+00:00\">6 de Nov de 2017 a la(s) 5:37 PST<\/time><\/p>\n<\/div>\n<\/blockquote>\n<p><script async defer src=\"\/\/platform.instagram.com\/en_US\/embeds.js\"><\/script><\/p>\n","protected":false},"excerpt":{"rendered":"<p>La empresa patrocinadora de las playeras cometi\u00f3 un error que pareci\u00f3 imperdonable<\/p>\n","protected":false},"author":160,"featured_media":508764,"comment_status":"closed","ping_status":"closed","sticky":false,"template":"","format":"standard","meta":[],"categories":[3839],"tags":[6005,11126,903,596],"_links":{"self":[{"href":"http:\/\/desarrollo.grupomedios.com\/futbol\/wp-json\/wp\/v2\/posts\/508760"}],"collection":[{"href":"http:\/\/desarrollo.grupomedios.com\/futbol\/wp-json\/wp\/v2\/posts"}],"about":[{"href":"http:\/\/desarrollo.grupomedios.com\/futbol\/wp-json\/wp\/v2\/types\/post"}],"author":[{"embeddable":true,"href":"http:\/\/desarrollo.grupomedios.com\/futbol\/wp-json\/wp\/v2\/users\/160"}],"replies":[{"embeddable":true,"href":"http:\/\/desarrollo.grupomedios.com\/futbol\/wp-json\/wp\/v2\/comments?post=508760"}],"version-history":[{"count":2,"href":"http:\/\/desarrollo.grupomedios.com\/futbol\/wp-json\/wp\/v2\/posts\/508760\/revisions"}],"predecessor-version":[{"id":508768,"href":"http:\/\/desarrollo.grupomedios.com\/futbol\/wp-json\/wp\/v2\/posts\/508760\/revisions\/508768"}],"wp:featuredmedia":[{"embeddable":true,"href":"http:\/\/desarrollo.grupomedios.com\/futbol\/wp-json\/wp\/v2\/media\/508764"}],"wp:attachment":[{"href":"http:\/\/desarrollo.grupomedios.com\/futbol\/wp-json\/wp\/v2\/media?parent=508760"}],"wp:term":[{"taxonomy":"category","embeddable":true,"href":"http:\/\/desarrollo.grupomedios.com\/futbol\/wp-json\/wp\/v2\/categories?post=508760"},{"taxonomy":"post_tag","embeddable":true,"href":"http:\/\/desarrollo.grupomedios.com\/futbol\/wp-json\/wp\/v2\/tags?post=508760"}],"curies":[{"name":"wp","href":"https:\/\/api.w.org\/{rel}","templated":true}]}}