{"id":508775,"date":"2017-11-09T15:24:28","date_gmt":"2017-11-09T21:24:28","guid":{"rendered":"https:\/\/www.futboltotal.com.mx\/?p=508775"},"modified":"2017-11-09T15:25:04","modified_gmt":"2017-11-09T21:25:04","slug":"tecatito-baja-ultimo-momento-del-tricolor-amistosos","status":"publish","type":"post","link":"http:\/\/desarrollo.grupomedios.com\/futbol\/futbol-mexicano\/tecatito-baja-ultimo-momento-del-tricolor-amistosos\/2017\/11","title":{"rendered":"&#8216;Tecatito&#8217;, baja de \u00faltimo momento del Tricolor para amistosos"},"content":{"rendered":"<p><strong>POR: STAFF FT<\/strong><\/p>\n<p><strong>Jes\u00fas &#8216;Tecatito&#8217; Corona<\/strong> ser\u00e1 baja de la <strong>Selecci\u00f3n Mexicana<\/strong> por motivos personales y no disputar\u00e1 los juegos contra <strong>B\u00e9lgica y Polonia<\/strong>.<\/p>\n<p>Algunas versiones se\u00f1alan que el futbolista mexicano no estar\u00e1 porque su esposa habr\u00eda perdido al beb\u00e9 que ambos esperaban y de manera inmediata el jugador querr\u00eda ir con ella.<\/p>\n<p>El cuerpo t\u00e9cnico de la Selecci\u00f3n Mexicana ya le busca vuelo hacia <strong>Portugal<\/strong> para que pueda encontrarse con su familia.<\/p>\n<p style=\"text-align: center;\"><span style=\"color: #333399;\"><a href=\"https:\/\/www.futboltotal.com.mx\/destacado-home\/chicharito-gana-premio-nacional-del-deporte-2017\/2017\/11\">VER M\u00c1S:\u00a0<span class=\"item-title\">Chicharito gana Premio Nacional del Deporte 2017<\/span><\/a><\/span><\/p>\n<p>Con esto, el &#8216;Tecatito&#8217; ha vivido una intermitente estad\u00eda con el <strong>Tricolor<\/strong>, ya que no es la primera ocasi\u00f3n que de manera involuntaria haya tenido que abandonar una concentraci\u00f3n con M\u00e9xico.<\/p>\n<p>Corona es uno de los jugadores que viven un gran momento en el futbol europeo, y era uno de los futbolistas considerados por Juan Carlos Osorio para comenzar el juego de este viernes contra B\u00e9lgica.<\/p>\n","protected":false},"excerpt":{"rendered":"<p>Por motivos personales, Corona no podr\u00e1 jugar contra B\u00e9lgica y Polonia<\/p>\n","protected":false},"author":160,"featured_media":508778,"comment_status":"closed","ping_status":"closed","sticky":false,"template":"","format":"standard","meta":[],"categories":[2198,9628,3847],"tags":[599,5443,3962,65,1296,1208,3985],"_links":{"self":[{"href":"http:\/\/desarrollo.grupomedios.com\/futbol\/wp-json\/wp\/v2\/posts\/508775"}],"collection":[{"href":"http:\/\/desarrollo.grupomedios.com\/futbol\/wp-json\/wp\/v2\/posts"}],"about":[{"href":"http:\/\/desarrollo.grupomedios.com\/futbol\/wp-json\/wp\/v2\/types\/post"}],"author":[{"embeddable":true,"href":"http:\/\/desarrollo.grupomedios.com\/futbol\/wp-json\/wp\/v2\/users\/160"}],"replies":[{"embeddable":true,"href":"http:\/\/desarrollo.grupomedios.com\/futbol\/wp-json\/wp\/v2\/comments?post=508775"}],"version-history":[{"count":2,"href":"http:\/\/desarrollo.grupomedios.com\/futbol\/wp-json\/wp\/v2\/posts\/508775\/revisions"}],"predecessor-version":[{"id":508781,"href":"http:\/\/desarrollo.grupomedios.com\/futbol\/wp-json\/wp\/v2\/posts\/508775\/revisions\/508781"}],"wp:featuredmedia":[{"embeddable":true,"href":"http:\/\/desarrollo.grupomedios.com\/futbol\/wp-json\/wp\/v2\/media\/508778"}],"wp:attachment":[{"href":"http:\/\/desarrollo.grupomedios.com\/futbol\/wp-json\/wp\/v2\/media?parent=508775"}],"wp:term":[{"taxonomy":"category","embeddable":true,"href":"http:\/\/desarrollo.grupomedios.com\/futbol\/wp-json\/wp\/v2\/categories?post=508775"},{"taxonomy":"post_tag","embeddable":true,"href":"http:\/\/desarrollo.grupomedios.com\/futbol\/wp-json\/wp\/v2\/tags?post=508775"}],"curies":[{"name":"wp","href":"https:\/\/api.w.org\/{rel}","templated":true}]}}