{"id":508799,"date":"2017-11-10T09:40:23","date_gmt":"2017-11-10T15:40:23","guid":{"rendered":"https:\/\/www.futboltotal.com.mx\/?p=508799"},"modified":"2017-11-10T13:05:20","modified_gmt":"2017-11-10T19:05:20","slug":"belgica-vs-mexico-partido-amistoso-previo","status":"publish","type":"post","link":"http:\/\/desarrollo.grupomedios.com\/futbol\/futbol-mexicano\/belgica-vs-mexico-partido-amistoso-previo\/2017\/11","title":{"rendered":"B\u00e9lgica vs M\u00e9xico, buen par\u00e1metro para el Tri rumbo a Rusia"},"content":{"rendered":"<p>La <strong>Selecci\u00f3n Mexicana<\/strong> visita a <strong>B\u00e9lgica<\/strong> en el <strong>Estadio Rey Balduino de\u00a0Bruselas<\/strong> en un partido amistoso con miras a la <strong>Copa del Mundo de Rusia 2018<\/strong>, pues ambos conjuntos se clasificaron a la justa veraniega de forma temprana y estar\u00edan poniendo todas sus expectativas en prepararse para el evento.<\/p>\n<p>Para este partido, que inicia en punto de las 13:45 horas (tiempo de M\u00e9xico), el<strong> Tri<\/strong> tendr\u00e1 la sensible baja de <strong>Jes\u00fas &#8216;Tecatito&#8217; Corona<\/strong>, quien tuvo que ausentarse luego de sufrir problemas personales.<\/p>\n<p><strong>B\u00e9lgica<\/strong> se clasific\u00f3 en el <strong>Grupo H<\/strong> de UEFA con autoridad, pues de los diez partidos que disputaron no obtuvieron ninguna derrota, nueve victorias y un empate fue su saldo final, con <strong>28 puntos<\/strong> alcanzo para llevarse el boleto directo, su m\u00e1s cercano perseguidor fue <strong>Grecia<\/strong> que obtuvo 19 puntos. A este partido llegan con importantes figuras como <strong>Eden Hazard, Kevin De Bruyne y Romelu Lukaku<\/strong>, este \u00faltimo su goleador en la eliminatoria con 10 goles.<\/p>\n<blockquote class=\"twitter-tweet\" data-lang=\"es\">\n<p dir=\"ltr\" lang=\"en\">Happy Eden &#x1f601;&#x1f1e7;&#x1f1ea; <a href=\"https:\/\/twitter.com\/hashtag\/BELMEX?src=hash&amp;ref_src=twsrc%5Etfw\">#BELMEX<\/a> <a href=\"https:\/\/twitter.com\/hashtag\/RoadtoRussia?src=hash&amp;ref_src=twsrc%5Etfw\">#RoadtoRussia<\/a> \u26bd\ufe0f <a href=\"https:\/\/t.co\/FXDBvRuAqy\">pic.twitter.com\/FXDBvRuAqy<\/a><\/p>\n<p>\u2014 BelgianRedDevils (@BelRedDevils) <a href=\"https:\/\/twitter.com\/BelRedDevils\/status\/928709094554439681?ref_src=twsrc%5Etfw\">9 de noviembre de 2017<\/a><\/p><\/blockquote>\n<p><script async src=\"https:\/\/platform.twitter.com\/widgets.js\" charset=\"utf-8\"><\/script><\/p>\n<p style=\"text-align: center;\"><a href=\"https:\/\/www.futboltotal.com.mx\/copa-mundial-de-futbol-2018\/curiosidades\/mundial-rusia-2018-ya-tiene-balon-oficial\">VER M\u00c1S: Mundial Rusia 2018 ya tiene bal\u00f3n oficial<\/a><\/p>\n<p>Mientras tanto, el <strong>combinado azteca<\/strong> se clasific\u00f3 en el hexagonal final como primer lugar con 11 partidos ganados, cuatro empatados y una sola derrota, 37 puntos totales para quedarse con uno de los boletos directos que ofrece <strong>Concacaf<\/strong> y dejando a cinco puntos abajo a <strong>Costa Rica<\/strong>, quien fue el segundo lugar y su m\u00e1s cercano perseguidor. En el plantel de M\u00e9xico destacan <strong>Guillermo Ochoa y Omar Govea<\/strong> que juegan en equipos de B\u00e9lgica y ser\u00e1 interesante verlos con conocimiento del futbol que se desempe\u00f1a.<\/p>\n<blockquote class=\"twitter-tweet\" data-lang=\"es\">\n<p dir=\"ltr\" lang=\"es\">&#x1f4c4; | NOTA | \u00a1Ma\u00f1ana vamos contra <a href=\"https:\/\/twitter.com\/BelRedDevils?ref_src=twsrc%5Etfw\">@BelRedDevils<\/a>!<\/p>\n<p>Chequen la previa: <a href=\"https:\/\/t.co\/Ix6Vo3qK7x\">https:\/\/t.co\/Ix6Vo3qK7x<\/a><a href=\"https:\/\/twitter.com\/hashtag\/SoyM%C3%A9xico?src=hash&amp;ref_src=twsrc%5Etfw\">#SoyM\u00e9xico<\/a> <a href=\"https:\/\/t.co\/R1g0xmbu22\">pic.twitter.com\/R1g0xmbu22<\/a><\/p>\n<p>\u2014 Selecci\u00f3n Nacional (@miseleccionmx) <a href=\"https:\/\/twitter.com\/miseleccionmx\/status\/928692003746955265?ref_src=twsrc%5Etfw\">9 de noviembre de 2017<\/a><\/p><\/blockquote>\n<p><script async src=\"https:\/\/platform.twitter.com\/widgets.js\" charset=\"utf-8\"><\/script><\/p>\n<p>M\u00e9xico, a diferencia de su rival, no tuvo un goleador arrollador, quien m\u00e1s anot\u00f3 fue <strong>Javier &#8216;Chicharito&#8217; Hern\u00e1ndez<\/strong>, que se despach\u00f3 con tres anotaciones en el hexagonal al igual que <strong>Jes\u00fas &#8216;Tecatito&#8217; Corona<\/strong>, sin embargo, el jugador del Porto no podr\u00e1 estar en el encuentro pues fue dado de baja por problemas personales.<\/p>\n<p style=\"text-align: center;\"><a href=\"https:\/\/www.futboltotal.com.mx\/futbol-mexicano\/liga-mx\/ismael-sosa-podria-regresar-a-pumas-prestamo\/2017\/11\">VER M\u00c1S: Ismael Sosa podr\u00eda regresar a Pumas como pr\u00e9stamo<\/a><\/p>\n","protected":false},"excerpt":{"rendered":"<p>El Tri se mide a los Diablos Rojos en un duelo con sabor mundialista.<\/p>\n","protected":false},"author":159,"featured_media":508803,"comment_status":"closed","ping_status":"closed","sticky":false,"template":"","format":"standard","meta":[],"categories":[2198,3847],"tags":[599,65,2232,409],"_links":{"self":[{"href":"http:\/\/desarrollo.grupomedios.com\/futbol\/wp-json\/wp\/v2\/posts\/508799"}],"collection":[{"href":"http:\/\/desarrollo.grupomedios.com\/futbol\/wp-json\/wp\/v2\/posts"}],"about":[{"href":"http:\/\/desarrollo.grupomedios.com\/futbol\/wp-json\/wp\/v2\/types\/post"}],"author":[{"embeddable":true,"href":"http:\/\/desarrollo.grupomedios.com\/futbol\/wp-json\/wp\/v2\/users\/159"}],"replies":[{"embeddable":true,"href":"http:\/\/desarrollo.grupomedios.com\/futbol\/wp-json\/wp\/v2\/comments?post=508799"}],"version-history":[{"count":3,"href":"http:\/\/desarrollo.grupomedios.com\/futbol\/wp-json\/wp\/v2\/posts\/508799\/revisions"}],"predecessor-version":[{"id":508844,"href":"http:\/\/desarrollo.grupomedios.com\/futbol\/wp-json\/wp\/v2\/posts\/508799\/revisions\/508844"}],"wp:featuredmedia":[{"embeddable":true,"href":"http:\/\/desarrollo.grupomedios.com\/futbol\/wp-json\/wp\/v2\/media\/508803"}],"wp:attachment":[{"href":"http:\/\/desarrollo.grupomedios.com\/futbol\/wp-json\/wp\/v2\/media?parent=508799"}],"wp:term":[{"taxonomy":"category","embeddable":true,"href":"http:\/\/desarrollo.grupomedios.com\/futbol\/wp-json\/wp\/v2\/categories?post=508799"},{"taxonomy":"post_tag","embeddable":true,"href":"http:\/\/desarrollo.grupomedios.com\/futbol\/wp-json\/wp\/v2\/tags?post=508799"}],"curies":[{"name":"wp","href":"https:\/\/api.w.org\/{rel}","templated":true}]}}