{"id":508814,"date":"2017-11-09T19:53:30","date_gmt":"2017-11-10T01:53:30","guid":{"rendered":"https:\/\/www.futboltotal.com.mx\/?p=508814"},"modified":"2017-11-09T19:54:30","modified_gmt":"2017-11-10T01:54:30","slug":"paco-jemez-debe-quedarse-en-cruz-azul-edgar-mendez","status":"publish","type":"post","link":"http:\/\/desarrollo.grupomedios.com\/futbol\/futbol-mexicano\/paco-jemez-debe-quedarse-en-cruz-azul-edgar-mendez\/2017\/11","title":{"rendered":"Paco J\u00e9mez debe quedarse en Cruz Azul: Edgar M\u00e9ndez"},"content":{"rendered":"<p><strong>POR: STAFF FT<\/strong><\/p>\n<p>El mediocampista <strong>Edgar M\u00e9ndez<\/strong> destac\u00f3 la gran labor que ha hecho <strong>Paco J\u00e9mez<\/strong> al frente de <strong>Cruz Azul<\/strong> y conf\u00eda en que permanezca al frente de la instituci\u00f3n cementera.<\/p>\n<p>En entrevista con <em>Mediotiempo<\/em>, el futbolista espa\u00f1ol se\u00f1al\u00f3 que J\u00e9mez le ha dado su sello a la <em>M\u00e1quina<\/em> con un futbol ofensivo, vertical, que destaca siempre el buen juego por encima del &#8216;pelotazo&#8217;.<\/p>\n<p>&#8220;J\u00e9mez es un entrenador que nos hace dar lo mejor, es un l\u00edder que hace jugar bien al equipo, y tiene una forma de trabajar que agrada a los jugadores&#8221; dijo M\u00e9ndez.<\/p>\n<p style=\"text-align: center;\"><span style=\"color: #333399;\"><a href=\"https:\/\/www.futboltotal.com.mx\/futbol-mexicano\/cruz-azul-quiere-la-liguilla-en-apertura-2017\/2017\/11\">VER M\u00c1S:\u00a0<span class=\"item-title\">Cruz Azul busca el triunfo y liguilla en el Apertura 2017<\/span><\/a><\/span><\/p>\n<p>El mediocampista espa\u00f1ol acept\u00f3 que este torneo perfila a equipos muy complicados para Cruz Azul si tienen la oportunidad de entrar a la liguilla.<\/p>\n<p>&#8220;Hay ocho equipos que est\u00e1n adelante de nosotros muy dif\u00edciles, pero hemos hecho las cosas bien y vamos a ser un rival dif\u00edcil de enfrentar&#8221;, asegur\u00f3 el cementero.<\/p>\n<p>Sobre el hecho de los 20 a\u00f1os casi sin t\u00edtulo y las seis temporadas sin una liguilla, Edgar M\u00e9ndez asegur\u00f3 que a \u00e9l en lo personal no le afecta ni le pesa porque es algo que no le toc\u00f3 vivir, ya que es de reciente ingreso al club, pero est\u00e1 consciente que har\u00e1 todo por apoyar al equipo y tratar de terminar la malaria.<\/p>\n<p style=\"text-align: center;\"><span style=\"color: #333399;\"><a href=\"https:\/\/www.futboltotal.com.mx\/destacado-home\/hector-herrera-diego-reyes-acusados-en-paradise-papers\/2017\/11\">VER M\u00c1S:\u00a0<span class=\"item-title\">H\u00e9ctor Herrera y Diego Reyes, acusados en el \u2018Paradise Papers\u2019<\/span><\/a><\/span><\/p>\n<p>&nbsp;<\/p>\n","protected":false},"excerpt":{"rendered":"<p>El mediocampista espa\u00f1ol conf\u00eda en que su compatriota se quede con los cementeros<\/p>\n","protected":false},"author":160,"featured_media":508815,"comment_status":"closed","ping_status":"closed","sticky":false,"template":"","format":"standard","meta":[],"categories":[2198,3845],"tags":[8357,5962,9064,64,7053],"_links":{"self":[{"href":"http:\/\/desarrollo.grupomedios.com\/futbol\/wp-json\/wp\/v2\/posts\/508814"}],"collection":[{"href":"http:\/\/desarrollo.grupomedios.com\/futbol\/wp-json\/wp\/v2\/posts"}],"about":[{"href":"http:\/\/desarrollo.grupomedios.com\/futbol\/wp-json\/wp\/v2\/types\/post"}],"author":[{"embeddable":true,"href":"http:\/\/desarrollo.grupomedios.com\/futbol\/wp-json\/wp\/v2\/users\/160"}],"replies":[{"embeddable":true,"href":"http:\/\/desarrollo.grupomedios.com\/futbol\/wp-json\/wp\/v2\/comments?post=508814"}],"version-history":[{"count":2,"href":"http:\/\/desarrollo.grupomedios.com\/futbol\/wp-json\/wp\/v2\/posts\/508814\/revisions"}],"predecessor-version":[{"id":508817,"href":"http:\/\/desarrollo.grupomedios.com\/futbol\/wp-json\/wp\/v2\/posts\/508814\/revisions\/508817"}],"wp:featuredmedia":[{"embeddable":true,"href":"http:\/\/desarrollo.grupomedios.com\/futbol\/wp-json\/wp\/v2\/media\/508815"}],"wp:attachment":[{"href":"http:\/\/desarrollo.grupomedios.com\/futbol\/wp-json\/wp\/v2\/media?parent=508814"}],"wp:term":[{"taxonomy":"category","embeddable":true,"href":"http:\/\/desarrollo.grupomedios.com\/futbol\/wp-json\/wp\/v2\/categories?post=508814"},{"taxonomy":"post_tag","embeddable":true,"href":"http:\/\/desarrollo.grupomedios.com\/futbol\/wp-json\/wp\/v2\/tags?post=508814"}],"curies":[{"name":"wp","href":"https:\/\/api.w.org\/{rel}","templated":true}]}}