{"id":508832,"date":"2017-11-10T08:07:06","date_gmt":"2017-11-10T14:07:06","guid":{"rendered":"https:\/\/www.futboltotal.com.mx\/?p=508832"},"modified":"2017-11-10T08:07:06","modified_gmt":"2017-11-10T14:07:06","slug":"colombia-sorprendida-corea-del-sur-en-amistoso","status":"publish","type":"post","link":"http:\/\/desarrollo.grupomedios.com\/futbol\/futbol-internacional\/colombia-sorprendida-corea-del-sur-en-amistoso\/2017\/11","title":{"rendered":"Colombia es sorprendida por Corea del Sur en amistoso"},"content":{"rendered":"<p><strong>Colombia<\/strong> cay\u00f3 este viernes por 2-1 ante <strong>Corea del Sur<\/strong> en Suwon en un encuentro en el que el cansancio del viaje hasta<strong> Asia<\/strong>, la falta de coordinaci\u00f3n en la retaguardia y un Castellanos poco afortunado bajo los palos le costaron dos goles que no fue capaz de remontar.<\/p>\n<p>leg\u00f3 a los diez minutos el gol de<strong> Son<\/strong>, que favorecido por el rebote de un compa\u00f1ero, control\u00f3 en el \u00e1rea y ante la mansedumbre de los centrales visitantes col\u00f3 c\u00f3modamente la pelota entre las piernas de<strong> Cristian Zapata<\/strong>, con un Castellanos observando la jugada en tierra de nadie.<\/p>\n<p style=\"text-align: center;\"><span style=\"color: #3366ff;\"><a href=\"https:\/\/www.futboltotal.com.mx\/futbol-internacional\/fifa-madden-no-se-lanzarian-anualmente-ea-sports\/2017\/11\">VER M\u00c1S: FIFA y Madden no se lanzar\u00edan anualmente: EA Sports<\/a><\/span><\/p>\n<p>En la reanudaci\u00f3n, Colombia arranc\u00f3 con mayor br\u00edo y m\u00e1s compacta en la retaguardia.<\/p>\n<p>Pero un error de Castellanos, incapaz de bloquear un disparo con poca p\u00f3lvora de Son desde el borde del \u00e1rea, concedi\u00f3 el segundo tanto a los surcoreanos con media hora a\u00fan por delante.<\/p>\n<p>El encuentro se torn\u00f3 entonces m\u00e1s bronco de lo deseado y tras una dura falta de <strong>Kim Jin-su<\/strong> en la derecha,<strong> James<\/strong> colg\u00f3 al \u00e1rea y<strong> Cristian Zapata<\/strong> aprovech\u00f3 la indecisi\u00f3n del meta surcoreano y su defensa para cabecear con fuerza a la red y acortar distancias.<\/p>\n<p>Pero el aceler\u00f3n final de Colombia no vali\u00f3 para subsanar los errores cometidos en ambos goles surcoreanos.<\/p>\n<p style=\"text-align: center;\"><span style=\"color: #3366ff;\"><a href=\"https:\/\/www.futboltotal.com.mx\/futbol-chino\/fabio-cannavaro-nuevo-entrenador-del-guangzhou-evergrande\/2017\/11\">VER M\u00c1S: Fabio Cannavaro es nuevo entrenador del Guangzhou Evergrande<\/a><\/span><\/p>\n","protected":false},"excerpt":{"rendered":"<p>Avil\u00e9s Hurtado, de Rayados, debut\u00f3 como titular.<\/p>\n","protected":false},"author":129,"featured_media":508833,"comment_status":"closed","ping_status":"closed","sticky":false,"template":"","format":"standard","meta":[],"categories":[3839],"tags":[2069,6005,1637,6214,6082],"_links":{"self":[{"href":"http:\/\/desarrollo.grupomedios.com\/futbol\/wp-json\/wp\/v2\/posts\/508832"}],"collection":[{"href":"http:\/\/desarrollo.grupomedios.com\/futbol\/wp-json\/wp\/v2\/posts"}],"about":[{"href":"http:\/\/desarrollo.grupomedios.com\/futbol\/wp-json\/wp\/v2\/types\/post"}],"author":[{"embeddable":true,"href":"http:\/\/desarrollo.grupomedios.com\/futbol\/wp-json\/wp\/v2\/users\/129"}],"replies":[{"embeddable":true,"href":"http:\/\/desarrollo.grupomedios.com\/futbol\/wp-json\/wp\/v2\/comments?post=508832"}],"version-history":[{"count":1,"href":"http:\/\/desarrollo.grupomedios.com\/futbol\/wp-json\/wp\/v2\/posts\/508832\/revisions"}],"predecessor-version":[{"id":508834,"href":"http:\/\/desarrollo.grupomedios.com\/futbol\/wp-json\/wp\/v2\/posts\/508832\/revisions\/508834"}],"wp:featuredmedia":[{"embeddable":true,"href":"http:\/\/desarrollo.grupomedios.com\/futbol\/wp-json\/wp\/v2\/media\/508833"}],"wp:attachment":[{"href":"http:\/\/desarrollo.grupomedios.com\/futbol\/wp-json\/wp\/v2\/media?parent=508832"}],"wp:term":[{"taxonomy":"category","embeddable":true,"href":"http:\/\/desarrollo.grupomedios.com\/futbol\/wp-json\/wp\/v2\/categories?post=508832"},{"taxonomy":"post_tag","embeddable":true,"href":"http:\/\/desarrollo.grupomedios.com\/futbol\/wp-json\/wp\/v2\/tags?post=508832"}],"curies":[{"name":"wp","href":"https:\/\/api.w.org\/{rel}","templated":true}]}}