{"id":508839,"date":"2017-11-10T09:01:33","date_gmt":"2017-11-10T15:01:33","guid":{"rendered":"https:\/\/www.futboltotal.com.mx\/?p=508839"},"modified":"2017-11-10T09:01:33","modified_gmt":"2017-11-10T15:01:33","slug":"pumas-perderia-primer-refuerzo-del-clausura-2018","status":"publish","type":"post","link":"http:\/\/desarrollo.grupomedios.com\/futbol\/futbol-mexicano\/pumas-perderia-primer-refuerzo-del-clausura-2018\/2017\/11","title":{"rendered":"Pumas perder\u00eda su primer refuerzo del Clausura 2018"},"content":{"rendered":"<p>Los<strong> Pumas<\/strong> ya est\u00e1n planeando el <strong>Clausura 2018<\/strong> y antes de que termine el torneo ya est\u00e1n buscando a sus nuevos refuerzos, adem\u00e1s de que se anunci\u00f3 la operaci\u00f3n de <strong>Nico Castillo<\/strong>.<\/p>\n<p>Hace unos d\u00edas se dijo que los universitarios buscaban al atacante <strong>Jonathan Alvez<\/strong>, pero el costo es lo que no le gusta al Presidente Rodrigo Ares de Parga y tendr\u00edan que incluir a un jugador para bajar el precio.<\/p>\n<p style=\"text-align: center;\"><span style=\"color: #3366ff;\"><a href=\"https:\/\/www.futboltotal.com.mx\/futbol-mexicano\/liga-mx\/ismael-sosa-podria-regresar-a-pumas-prestamo\/2017\/11\">VER M\u00c1S: Ismael Sosa podr\u00eda regresar a Pumas como pr\u00e9stamo<\/a><\/span><\/p>\n<p>El elegido para ir al <strong>Barcelona de Guayaquil<\/strong> ser\u00eda <strong>Joffre Guerr\u00f3n<\/strong>, quien pas\u00f3 sin pena ni gloria por los Pumas, pero para esto faltar\u00eda la aceptaci\u00f3n del club ecuatoriano, ya que tambi\u00e9n ha recibido ofertas.<\/p>\n<p style=\"text-align: left;\">Seg\u00fan el portal <em>mediotiempo<\/em>, el Barcelona no ve de buena forma la llegada de Guerr\u00f3n al equipo y preferir\u00edan venderlo al<strong> Santos de Brasil<\/strong>, quien ya puso el dinero que piden en la mesa para llevarse al delantero.<\/p>\n<p style=\"text-align: center;\"><span style=\"color: #3366ff;\"><a href=\"https:\/\/www.futboltotal.com.mx\/futbol-mexicano\/liga-mx\/matias-almeyda-ya-entrego-lista-refuerzos-chivas\/2017\/11\">VER M\u00c1S: Mat\u00edas Almeyda ya entreg\u00f3 lista de refuerzos para Chivas<\/a><\/span><\/p>\n","protected":false},"excerpt":{"rendered":"<p>Los universitarios quieren usar a Joffre Guerr\u00f3n como intercambio.<\/p>\n","protected":false},"author":129,"featured_media":501386,"comment_status":"closed","ping_status":"closed","sticky":false,"template":"","format":"standard","meta":[],"categories":[2198,3845],"tags":[9028,5436,64,74,4436],"_links":{"self":[{"href":"http:\/\/desarrollo.grupomedios.com\/futbol\/wp-json\/wp\/v2\/posts\/508839"}],"collection":[{"href":"http:\/\/desarrollo.grupomedios.com\/futbol\/wp-json\/wp\/v2\/posts"}],"about":[{"href":"http:\/\/desarrollo.grupomedios.com\/futbol\/wp-json\/wp\/v2\/types\/post"}],"author":[{"embeddable":true,"href":"http:\/\/desarrollo.grupomedios.com\/futbol\/wp-json\/wp\/v2\/users\/129"}],"replies":[{"embeddable":true,"href":"http:\/\/desarrollo.grupomedios.com\/futbol\/wp-json\/wp\/v2\/comments?post=508839"}],"version-history":[{"count":1,"href":"http:\/\/desarrollo.grupomedios.com\/futbol\/wp-json\/wp\/v2\/posts\/508839\/revisions"}],"predecessor-version":[{"id":508849,"href":"http:\/\/desarrollo.grupomedios.com\/futbol\/wp-json\/wp\/v2\/posts\/508839\/revisions\/508849"}],"wp:featuredmedia":[{"embeddable":true,"href":"http:\/\/desarrollo.grupomedios.com\/futbol\/wp-json\/wp\/v2\/media\/501386"}],"wp:attachment":[{"href":"http:\/\/desarrollo.grupomedios.com\/futbol\/wp-json\/wp\/v2\/media?parent=508839"}],"wp:term":[{"taxonomy":"category","embeddable":true,"href":"http:\/\/desarrollo.grupomedios.com\/futbol\/wp-json\/wp\/v2\/categories?post=508839"},{"taxonomy":"post_tag","embeddable":true,"href":"http:\/\/desarrollo.grupomedios.com\/futbol\/wp-json\/wp\/v2\/tags?post=508839"}],"curies":[{"name":"wp","href":"https:\/\/api.w.org\/{rel}","templated":true}]}}