{"id":508840,"date":"2017-11-10T09:00:38","date_gmt":"2017-11-10T15:00:38","guid":{"rendered":"https:\/\/www.futboltotal.com.mx\/?p=508840"},"modified":"2017-11-10T10:51:54","modified_gmt":"2017-11-10T16:51:54","slug":"edwin-cardona-polemico-gesto-a-coreanos","status":"publish","type":"post","link":"http:\/\/desarrollo.grupomedios.com\/futbol\/videos\/edwin-cardona-polemico-gesto-a-coreanos\/2017\/11","title":{"rendered":"Edwin Cardona hace pol\u00e9mico gesto a coreanos"},"content":{"rendered":"<p><strong>POR: STAFF FT<\/strong><\/p>\n<p>Todo parece indicar que los jugadores colombianos sintieron impotencia al no poder lograr evitar la derrota ante<strong> Corea del Sur<\/strong>, sobre todo del ex <strong>Rayado de Monterrey<\/strong>, <strong>Edwin Cardona<\/strong>, quien realiz\u00f3 una se\u00f1a ofensiva contra los jugadores asi\u00e1ticos luego de la derrota que sufri\u00f3 su equipo por marcador de 2-1 en un encuentro amistoso con miras a <strong>Rusia 2018.<\/strong><\/p>\n<p>El gesto del centrocampista de<strong> Boca Juniors<\/strong> pareci\u00f3 como si pidiera a los futbolistas asi\u00e1ticos que abrieran los ojos ha causado un impacto importante a trav\u00e9s de redes sociales y han comenzado a llover las cr\u00edticas sobre el futbolistas colombiano, que adem\u00e1s fue muy cuestionados por su rendimiento dentro del terreno de juego.<\/p>\n<p style=\"text-align: center;\"><a href=\"https:\/\/www.futboltotal.com.mx\/liga-de-portugal\/hector-herrera-diego-reyes-acusados-en-paradise-papers\/2017\/11\">VER M\u00c1S: H\u00e9ctor Herrera y Diego Reyes, acusados en el \u2018Paradise Papers\u2019<\/a><\/p>\n<p>Cardona vio acci\u00f3n en el encuentro durante el segundo tiempo, cuando sustituyo a <strong>Mateus Uribe<\/strong> y se mostr\u00f3 muy poco, pues su combinado ya estaba perdiendo el encuentro por dos goles a cero durante esta <strong>fecha FIFA<\/strong>. Veremos si la pol\u00e9mica contin\u00faa pues <strong>China<\/strong> ser\u00e1 el pr\u00f3ximo rival de los sudamericanos en su gira por Asia.<\/p>\n<blockquote class=\"twitter-video\" data-lang=\"es\">\n<p dir=\"ltr\" lang=\"es\">El gesto de Edwin Cardona en el amistoso entre Colombia y Corea del Sur. &#x1f602;&#x1f602; <a href=\"https:\/\/t.co\/Uijv0Xorok\">pic.twitter.com\/Uijv0Xorok<\/a><\/p>\n<p>\u2014 Papi D\u00edaz (@DiazPapi) <a href=\"https:\/\/twitter.com\/DiazPapi\/status\/928993205542060032?ref_src=twsrc%5Etfw\">10 de noviembre de 2017<\/a><\/p><\/blockquote>\n<p><script async src=\"https:\/\/platform.twitter.com\/widgets.js\" charset=\"utf-8\"><\/script><\/p>\n<blockquote class=\"twitter-video\" data-lang=\"es\">\n<p dir=\"ltr\" lang=\"es\">Edwin Cardona es madurez pura, miren como les hizo a los coreanos. &#x1f602; <a href=\"https:\/\/t.co\/jTR5kZFkRE\">pic.twitter.com\/jTR5kZFkRE<\/a><\/p>\n<p>\u2014 Futbol Sin Cracks (@FutbolSinCrack) <a href=\"https:\/\/twitter.com\/FutbolSinCrack\/status\/928963880814104576?ref_src=twsrc%5Etfw\">10 de noviembre de 2017<\/a><\/p><\/blockquote>\n<p><script async src=\"https:\/\/platform.twitter.com\/widgets.js\" charset=\"utf-8\"><\/script><\/p>\n<p style=\"text-align: center;\"><a href=\"https:\/\/www.futboltotal.com.mx\/futbol-mexicano\/liga-mx\/ismael-sosa-podria-regresar-a-pumas-prestamo\/2017\/11\">VER M\u00c1S: Ismael Sosa podr\u00eda regresar a Pumas como pr\u00e9stamo<\/a><\/p>\n","protected":false},"excerpt":{"rendered":"<p>El colombiano ose equivoc\u00f3 en suelo asi\u00e1tico donde su selecci\u00f3n perdi\u00f3<\/p>\n","protected":false},"author":159,"featured_media":508847,"comment_status":"closed","ping_status":"closed","sticky":false,"template":"","format":"standard","meta":[],"categories":[5,3839,4],"tags":[6005,1637,6133,2763],"_links":{"self":[{"href":"http:\/\/desarrollo.grupomedios.com\/futbol\/wp-json\/wp\/v2\/posts\/508840"}],"collection":[{"href":"http:\/\/desarrollo.grupomedios.com\/futbol\/wp-json\/wp\/v2\/posts"}],"about":[{"href":"http:\/\/desarrollo.grupomedios.com\/futbol\/wp-json\/wp\/v2\/types\/post"}],"author":[{"embeddable":true,"href":"http:\/\/desarrollo.grupomedios.com\/futbol\/wp-json\/wp\/v2\/users\/159"}],"replies":[{"embeddable":true,"href":"http:\/\/desarrollo.grupomedios.com\/futbol\/wp-json\/wp\/v2\/comments?post=508840"}],"version-history":[{"count":1,"href":"http:\/\/desarrollo.grupomedios.com\/futbol\/wp-json\/wp\/v2\/posts\/508840\/revisions"}],"predecessor-version":[{"id":508848,"href":"http:\/\/desarrollo.grupomedios.com\/futbol\/wp-json\/wp\/v2\/posts\/508840\/revisions\/508848"}],"wp:featuredmedia":[{"embeddable":true,"href":"http:\/\/desarrollo.grupomedios.com\/futbol\/wp-json\/wp\/v2\/media\/508847"}],"wp:attachment":[{"href":"http:\/\/desarrollo.grupomedios.com\/futbol\/wp-json\/wp\/v2\/media?parent=508840"}],"wp:term":[{"taxonomy":"category","embeddable":true,"href":"http:\/\/desarrollo.grupomedios.com\/futbol\/wp-json\/wp\/v2\/categories?post=508840"},{"taxonomy":"post_tag","embeddable":true,"href":"http:\/\/desarrollo.grupomedios.com\/futbol\/wp-json\/wp\/v2\/tags?post=508840"}],"curies":[{"name":"wp","href":"https:\/\/api.w.org\/{rel}","templated":true}]}}