{"id":508867,"date":"2017-11-10T10:32:10","date_gmt":"2017-11-10T16:32:10","guid":{"rendered":"https:\/\/www.futboltotal.com.mx\/?p=508867"},"modified":"2017-11-10T10:32:10","modified_gmt":"2017-11-10T16:32:10","slug":"barcelona-no-se-rinde-oferta-120-mde-coutinho","status":"publish","type":"post","link":"http:\/\/desarrollo.grupomedios.com\/futbol\/futbol-internacional\/barcelona-no-se-rinde-oferta-120-mde-coutinho\/2017\/11","title":{"rendered":"Barcelona no se rinde, oferta 120 mde por Coutinho"},"content":{"rendered":"<p><strong>POR: STAFF FT<\/strong><\/p>\n<p>El<strong> FC Barcelona<\/strong> contin\u00faa luchando por concretar el fichaje del mediocampista brasile\u00f1o, <strong>Philippe Coutinho<\/strong> que actualmente milita en el by ha hecho una nueva oferta, pues es la primera opci\u00f3n del cuadro catal\u00e1n y aunque han estudiado otros nombres en caso que las cosas se vuelvan a complicar con los <strong>Reds,<\/strong> tal y como sucedi\u00f3 en el mercado pasado, no piensan bajar los brazos hasta agotar todas las posibilidades.<\/p>\n<p>De acuerdo con el diario Sport present\u00f3 este jueves una oferta por Coutinho de <strong>120 millones de euros<\/strong> ante el Liverpool y ser\u00eda para llevarse al futbolista en el mercado de invierno, pues no est\u00e1n dispuestos a esperar hasta junio del 2018, pues de acuerdo con la publicaci\u00f3n el futbolista ya tiene un acuerdo salarial con los cul\u00e9s, pacto que se mantendr\u00e1 en caso que puedan cerrar la operaci\u00f3n de una vez por todas.<\/p>\n<p style=\"text-align: center;\"><a href=\"https:\/\/www.futboltotal.com.mx\/futbol-internacional\/edwin-cardona-polemico-gesto-a-coreanos\/2017\/11\">VER M\u00c1S: Edwin Cardona hace pol\u00e9mico gesto a coreanos<\/a><\/p>\n<p>La voluntad del brasile\u00f1o es jugar en Barcelona, pues de acuerdo a la publicaci\u00f3n, el salario m\u00e1s bonos percibidos con los blaugranas, ser\u00edan menores a los que podr\u00eda obtener en <strong>Anfield,<\/strong> pero no piensa en otra cosa que marcharse con los blaugranas, pues quiere convertirse en un futbolista protagonista en un equipo de primer nivel y para pelear por una <strong>Champions League.<\/strong><\/p>\n<p>El acuerdo al que llegar\u00edan ser\u00eda por cinco temporadas y los blaugranas han puesto un mayor empe\u00f1o pues est\u00e1n seguros que la negociaci\u00f3n con <strong>Liverpool e<\/strong>st\u00e1 a nada de\u00a0destrabarse, pues de igual forma se tiene el conocimiento que los Reds ya estar\u00edan buscando futbolistas para suplir la ausencia del brasile\u00f1o que ya est\u00e1n dando por perdido.<\/p>\n<p style=\"text-align: center;\"><a href=\"https:\/\/www.futboltotal.com.mx\/futbol-mexicano\/liga-mx\/pumas-perderia-primer-refuerzo-del-clausura-2018\/2017\/11\">VER M\u00c1S: Pumas perder\u00eda su primer refuerzo del Clausura 2018<\/a><\/p>\n<p>&nbsp;<\/p>\n<div class=\"field field-name-body field-type-text-with-summary field-label-hidden\"><\/div>\n<div class=\"aparecen\"><\/div>\n<div class=\"middle\"><\/div>\n<footer>\n<div data-actas=\"comments\" data-comments-id=\"NEWS-6412403\" data-comments-url=\"http:\/\/www.sport.es\/es\/noticias\/barca\/acuerdo-coutinho-barcelona-6412403\" data-comments-type=\"button\" data-comments-disabled-class=\"disabled\" data-comments-title=\"Confidencial SPORT: El acuerdo Bar\u00e7a-Coutinho se mantendr\u00e1 intacto\" data-comments-tags=\"barca\"><\/div>\n<div class=\"sp-comentario disabled\" data-actas=\"comments\" data-comments-id=\"NEWS-6412403\" data-comments-url=\"http:\/\/www.sport.es\/es\/noticias\/barca\/acuerdo-coutinho-barcelona-6412403\" data-comments-type=\"button\" data-comments-disabled-class=\"disabled\" data-comments-title=\"Confidencial SPORT: El acuerdo Bar\u00e7a-Coutinho se mantendr\u00e1 intacto\" data-comments-tags=\"barca\"><\/div>\n<\/footer>\n","protected":false},"excerpt":{"rendered":"<p>El brasile\u00f1o tambi\u00e9n est\u00e1 en toda la disposici\u00f3n de vestirse como blaugrana<\/p>\n","protected":false},"author":159,"featured_media":508872,"comment_status":"closed","ping_status":"closed","sticky":false,"template":"","format":"standard","meta":[],"categories":[3839,3844],"tags":[1083,5989,2669],"_links":{"self":[{"href":"http:\/\/desarrollo.grupomedios.com\/futbol\/wp-json\/wp\/v2\/posts\/508867"}],"collection":[{"href":"http:\/\/desarrollo.grupomedios.com\/futbol\/wp-json\/wp\/v2\/posts"}],"about":[{"href":"http:\/\/desarrollo.grupomedios.com\/futbol\/wp-json\/wp\/v2\/types\/post"}],"author":[{"embeddable":true,"href":"http:\/\/desarrollo.grupomedios.com\/futbol\/wp-json\/wp\/v2\/users\/159"}],"replies":[{"embeddable":true,"href":"http:\/\/desarrollo.grupomedios.com\/futbol\/wp-json\/wp\/v2\/comments?post=508867"}],"version-history":[{"count":1,"href":"http:\/\/desarrollo.grupomedios.com\/futbol\/wp-json\/wp\/v2\/posts\/508867\/revisions"}],"predecessor-version":[{"id":508874,"href":"http:\/\/desarrollo.grupomedios.com\/futbol\/wp-json\/wp\/v2\/posts\/508867\/revisions\/508874"}],"wp:featuredmedia":[{"embeddable":true,"href":"http:\/\/desarrollo.grupomedios.com\/futbol\/wp-json\/wp\/v2\/media\/508872"}],"wp:attachment":[{"href":"http:\/\/desarrollo.grupomedios.com\/futbol\/wp-json\/wp\/v2\/media?parent=508867"}],"wp:term":[{"taxonomy":"category","embeddable":true,"href":"http:\/\/desarrollo.grupomedios.com\/futbol\/wp-json\/wp\/v2\/categories?post=508867"},{"taxonomy":"post_tag","embeddable":true,"href":"http:\/\/desarrollo.grupomedios.com\/futbol\/wp-json\/wp\/v2\/tags?post=508867"}],"curies":[{"name":"wp","href":"https:\/\/api.w.org\/{rel}","templated":true}]}}