{"id":508891,"date":"2017-11-10T11:51:18","date_gmt":"2017-11-10T17:51:18","guid":{"rendered":"https:\/\/www.futboltotal.com.mx\/?p=508891"},"modified":"2017-11-10T11:51:18","modified_gmt":"2017-11-10T17:51:18","slug":"gareth-bale-vuelve-a-lesionarse-real-madrid","status":"publish","type":"post","link":"http:\/\/desarrollo.grupomedios.com\/futbol\/futbol-internacional\/gareth-bale-vuelve-a-lesionarse-real-madrid\/2017\/11","title":{"rendered":"Gareth Bale vuelve a lesionarse con el Real Madrid"},"content":{"rendered":"<p>Al futbolista gal\u00e9s<strong> Gareth Bale<\/strong> se le ha diagnosticado una rotura fibrilar en el tercio medio del m\u00fasculo aductor de la pierna izquierda, inform\u00f3 el <strong>Real Madrid<\/strong> en un comunicado.<\/p>\n<blockquote class=\"twitter-tweet\" data-data-dnt=\"true\">\n<p lang=\"es\" dir=\"ltr\">Parte m\u00e9dico de Bale.<\/p>\n<p>\ud83d\udc49 <a href=\"https:\/\/t.co\/9fWRDoF2tH\">https:\/\/t.co\/9fWRDoF2tH<\/a><a href=\"https:\/\/twitter.com\/hashtag\/RealMadrid?src=hash&amp;ref_src=twsrc%5Etfw\">#RealMadrid<\/a> <a href=\"https:\/\/twitter.com\/sanitas?ref_src=twsrc%5Etfw\">@sanitas<\/a> <a href=\"https:\/\/t.co\/74cOGbnCAO\">pic.twitter.com\/74cOGbnCAO<\/a><\/p>\n<p>&mdash; Real Madrid C.F. (@realmadrid) <a href=\"https:\/\/twitter.com\/realmadrid\/status\/929033907089047554?ref_src=twsrc%5Etfw\">November 10, 2017<\/a><\/p><\/blockquote>\n<p><script async src=\"https:\/\/platform.twitter.com\/widgets.js\" charset=\"utf-8\"><\/script><\/p>\n<p>&#8220;Nuestro jugador Gareth Bale, que sinti\u00f3 unas molestias en su pierna izquierda al t\u00e9rmino del entrenamiento del pasado jueves, ha sido sometido hoy a diferentes pruebas por los Servicios M\u00e9dicos Real Madrid Sanitas. Se le ha diagnosticado una rotura fibrilar en el tercio medio del m\u00fasculo aductor largo de la mencionada pierna. Pendiente de evoluci\u00f3n&#8221;, se lee en el comunicado.<\/p>\n<p>Fue apenas durante esta semana que el jugador gal\u00e9s regres\u00f3 a los entrenamientos con el conjunto Merengue, que hab\u00eda pedido a la selecci\u00f3n de <strong>Gales<\/strong> no convocarlo para la <strong>Fecha FIFA<\/strong> debido a su reciente recuperaci\u00f3n.<\/p>\n","protected":false},"excerpt":{"rendered":"<p>El jugador gal\u00e9s apenas se hab\u00eda reincorporado a los entrenamientos.<\/p>\n","protected":false},"author":129,"featured_media":502728,"comment_status":"closed","ping_status":"closed","sticky":false,"template":"","format":"standard","meta":[],"categories":[3839,3844],"tags":[6214,6043,1913,5988],"_links":{"self":[{"href":"http:\/\/desarrollo.grupomedios.com\/futbol\/wp-json\/wp\/v2\/posts\/508891"}],"collection":[{"href":"http:\/\/desarrollo.grupomedios.com\/futbol\/wp-json\/wp\/v2\/posts"}],"about":[{"href":"http:\/\/desarrollo.grupomedios.com\/futbol\/wp-json\/wp\/v2\/types\/post"}],"author":[{"embeddable":true,"href":"http:\/\/desarrollo.grupomedios.com\/futbol\/wp-json\/wp\/v2\/users\/129"}],"replies":[{"embeddable":true,"href":"http:\/\/desarrollo.grupomedios.com\/futbol\/wp-json\/wp\/v2\/comments?post=508891"}],"version-history":[{"count":1,"href":"http:\/\/desarrollo.grupomedios.com\/futbol\/wp-json\/wp\/v2\/posts\/508891\/revisions"}],"predecessor-version":[{"id":508896,"href":"http:\/\/desarrollo.grupomedios.com\/futbol\/wp-json\/wp\/v2\/posts\/508891\/revisions\/508896"}],"wp:featuredmedia":[{"embeddable":true,"href":"http:\/\/desarrollo.grupomedios.com\/futbol\/wp-json\/wp\/v2\/media\/502728"}],"wp:attachment":[{"href":"http:\/\/desarrollo.grupomedios.com\/futbol\/wp-json\/wp\/v2\/media?parent=508891"}],"wp:term":[{"taxonomy":"category","embeddable":true,"href":"http:\/\/desarrollo.grupomedios.com\/futbol\/wp-json\/wp\/v2\/categories?post=508891"},{"taxonomy":"post_tag","embeddable":true,"href":"http:\/\/desarrollo.grupomedios.com\/futbol\/wp-json\/wp\/v2\/tags?post=508891"}],"curies":[{"name":"wp","href":"https:\/\/api.w.org\/{rel}","templated":true}]}}