{"id":508907,"date":"2017-11-10T13:21:31","date_gmt":"2017-11-10T19:21:31","guid":{"rendered":"https:\/\/www.futboltotal.com.mx\/?p=508907"},"modified":"2017-11-10T13:27:46","modified_gmt":"2017-11-10T19:27:46","slug":"erick-gutierrez-victor-guzman-en-la-mira-del-celta-psv","status":"publish","type":"post","link":"http:\/\/desarrollo.grupomedios.com\/futbol\/futbol-mexicano\/erick-gutierrez-victor-guzman-en-la-mira-del-celta-psv\/2017\/11","title":{"rendered":"Erick Guti\u00e9rrez y V\u00edctor Guzm\u00e1n, en la mira del Celta y PSV"},"content":{"rendered":"<p><strong>POR: STAFF FT<\/strong><\/p>\n<p>Los <strong>Tuzos del Pachuca<\/strong> podr\u00edan seguir exportando talento mexicano a Europa pues ahora ha surgido informaci\u00f3n que vincula a <strong>Erick Guti\u00e9rrez y V\u00edctor Guzm\u00e1n<\/strong> con el <strong>PSV Eindhoven<\/strong> y <strong>Celta de Vigo<\/strong>, los holandeses han quedado maravillados con el nivel mostrado por <strong>Hirving &#8216;Chucky&#8217; Lozano<\/strong> y estar\u00edan dispuestos ha llevar a otro mexicano con ellos.<\/p>\n<p>De acuerdo al diario AS, los visores del <strong>PSV<\/strong> han estado viendo algunos partidos y ambos elementos han llenado el ojo de los <strong>Granjeros<\/strong>, pero solo est\u00e1n dispuestos ha llevarse a uno de ellos, de hecho se habr\u00edan convencido con el duelo amistoso que disputaron, pues est\u00e1n convencidos que en alguno de estos elementos podr\u00edan encontrar al nuevo <strong>Andr\u00e9s Guardado<\/strong>, que se marcho para esta temporada al <strong>Real Betis<\/strong>. La transacci\u00f3n con alguno de los mexicanos se podr\u00eda dar en el pr\u00f3ximo verano.<\/p>\n<p style=\"text-align: center;\"><a href=\"https:\/\/www.futboltotal.com.mx\/liga-de-portugal\/porto-rechazo-oferta-del-sevilla-miguel-layun\/2017\/11\">VER M\u00c1S: Porto rechaz\u00f3 oferta del Sevilla por Miguel Lay\u00fan<\/a><\/p>\n<p>El mediocampista, <strong>V\u00edctor Guzm\u00e1n<\/strong> todav\u00eda tiene un contrato por cuatro a\u00f1os y su costo es de <strong>5 millones de d\u00f3lares<\/strong> y podr\u00eda ganarle la partida al <strong>&#8216;Guti&#8217;<\/strong> pues lo ven como un jugador muy completo para su posici\u00f3n, tanto en labores defensivas como en ofensivas, as\u00ed lo ha demostrado en el actual <strong>Apertura 2017<\/strong> donde es el mexicano que m\u00e1s goles ha logrado. Esperar\u00edan a ver el nivel que muestren en el pr\u00f3ximo <strong>Mundial de Clubes<\/strong> para decidirse por uno de los dos.<\/p>\n<p>Por su parte, el\u00a0<strong>Celta de Vigo\u00a0<\/strong>solo tiene la mira en\u00a0<strong>Erick Guti\u00e9rrez,\u00a0<\/strong>quien ya lo ten\u00edan en la mira desde que se habl\u00f3 de un posible inter\u00e9s del club por parte de\u00a0Hirving Lozano y ya han preguntado por la situaci\u00f3n contractual actual del jugador Tuzo y de igual forma desean llevarlo en el pr\u00f3ximo mercado de verano a <strong>Espa\u00f1a<\/strong>, porque la pretemporada es un tanto m\u00e1s larga y puede adaptarse m\u00e1s r\u00e1pido al futbol ib\u00e9rico.<\/p>\n<p style=\"text-align: center;\"><a href=\"https:\/\/www.futboltotal.com.mx\/futbol-internacional\/liga-de-inglaterra\/arsenal-desea-intercambio-alexis-sanchez-julian-draxler\/2017\/11\">VER M\u00c1S: Arsenal desea intercambio Alexis S\u00e1nchez-Julian Draxler<\/a><\/p>\n","protected":false},"excerpt":{"rendered":"<p>Los dos j\u00f3venes talentos Tuzos partir\u00edan en el pr\u00f3ximo verano<\/p>\n","protected":false},"author":159,"featured_media":508910,"comment_status":"closed","ping_status":"closed","sticky":false,"template":"","format":"standard","meta":[],"categories":[2198,3845],"tags":[2407,6158,64,5968,3224,7145],"_links":{"self":[{"href":"http:\/\/desarrollo.grupomedios.com\/futbol\/wp-json\/wp\/v2\/posts\/508907"}],"collection":[{"href":"http:\/\/desarrollo.grupomedios.com\/futbol\/wp-json\/wp\/v2\/posts"}],"about":[{"href":"http:\/\/desarrollo.grupomedios.com\/futbol\/wp-json\/wp\/v2\/types\/post"}],"author":[{"embeddable":true,"href":"http:\/\/desarrollo.grupomedios.com\/futbol\/wp-json\/wp\/v2\/users\/159"}],"replies":[{"embeddable":true,"href":"http:\/\/desarrollo.grupomedios.com\/futbol\/wp-json\/wp\/v2\/comments?post=508907"}],"version-history":[{"count":2,"href":"http:\/\/desarrollo.grupomedios.com\/futbol\/wp-json\/wp\/v2\/posts\/508907\/revisions"}],"predecessor-version":[{"id":508912,"href":"http:\/\/desarrollo.grupomedios.com\/futbol\/wp-json\/wp\/v2\/posts\/508907\/revisions\/508912"}],"wp:featuredmedia":[{"embeddable":true,"href":"http:\/\/desarrollo.grupomedios.com\/futbol\/wp-json\/wp\/v2\/media\/508910"}],"wp:attachment":[{"href":"http:\/\/desarrollo.grupomedios.com\/futbol\/wp-json\/wp\/v2\/media?parent=508907"}],"wp:term":[{"taxonomy":"category","embeddable":true,"href":"http:\/\/desarrollo.grupomedios.com\/futbol\/wp-json\/wp\/v2\/categories?post=508907"},{"taxonomy":"post_tag","embeddable":true,"href":"http:\/\/desarrollo.grupomedios.com\/futbol\/wp-json\/wp\/v2\/tags?post=508907"}],"curies":[{"name":"wp","href":"https:\/\/api.w.org\/{rel}","templated":true}]}}