{"id":508935,"date":"2017-11-10T15:26:30","date_gmt":"2017-11-10T21:26:30","guid":{"rendered":"https:\/\/www.futboltotal.com.mx\/?p=508935"},"modified":"2017-11-10T18:15:52","modified_gmt":"2017-11-11T00:15:52","slug":"patrice-evra-siete-meses-castigo-patada-a-aficionado","status":"publish","type":"post","link":"http:\/\/desarrollo.grupomedios.com\/futbol\/futbol-internacional\/patrice-evra-siete-meses-castigo-patada-a-aficionado\/2017\/11","title":{"rendered":"Patrice Evra, siete meses de castigo por patada a un aficionado"},"content":{"rendered":"<p>El lateral franc\u00e9s <strong>Patrice Evra<\/strong> ha sido suspendido por <strong>siete meses de castigo,<\/strong> despu\u00e9s de haber agredido a un aficionado previo al inicio de un partido de la <strong>Europa League<\/strong>.<\/p>\n<p>El futbolista se hizo de palabras con un seguidor del equipo que lo increp\u00f3, y perdi\u00f3 los estribos al patear en la cara a la persona.<\/p>\n<p>El \u00e1rbitro del encuentro decidi\u00f3 expulsarlo, pese a no estar a\u00fan en juego, y la <strong>UEFA<\/strong> decidi\u00f3 castigarlo hasta el 30 de junio del 2018, con lo que el <strong>Olympique de Marsella<\/strong> rescindi\u00f3 su contrato.<\/p>\n<p>Esta fue la agresi\u00f3n de Evra al aficionado que lo ha dejado sin equipo y sin poder jugar por el castigo.<\/p>\n<blockquote class=\"twitter-video\" data-lang=\"es\">\n<p dir=\"ltr\" lang=\"es\">COSTOSA PATADA<a href=\"https:\/\/twitter.com\/Evra?ref_src=twsrc%5Etfw\">@Evra<\/a> fue sancionado por siete meses por la <a href=\"https:\/\/twitter.com\/UEFA?ref_src=twsrc%5Etfw\">@UEFA<\/a> y el <a href=\"https:\/\/twitter.com\/OM_Officiel?ref_src=twsrc%5Etfw\">@OM_Officiel<\/a> decidi\u00f3 finalizar su contrato<\/p>\n<p><a href=\"https:\/\/t.co\/Bih5ggd70k\">pic.twitter.com\/Bih5ggd70k<\/a><\/p>\n<p>\u2014 PlayMakersMX (@PlaymakersMx) <a href=\"https:\/\/twitter.com\/PlaymakersMx\/status\/929034557722112005?ref_src=twsrc%5Etfw\">10 de noviembre de 2017<\/a><\/p><\/blockquote>\n<p><script async src=\"https:\/\/platform.twitter.com\/widgets.js\" charset=\"utf-8\"><\/script><\/p>\n","protected":false},"excerpt":{"rendered":"<p>El cuadro franc\u00e9s decidi\u00f3 rescindir el contrato del jugador<\/p>\n","protected":false},"author":160,"featured_media":508936,"comment_status":"closed","ping_status":"closed","sticky":false,"template":"","format":"standard","meta":[],"categories":[3839,9609],"tags":[11138,7469,978],"_links":{"self":[{"href":"http:\/\/desarrollo.grupomedios.com\/futbol\/wp-json\/wp\/v2\/posts\/508935"}],"collection":[{"href":"http:\/\/desarrollo.grupomedios.com\/futbol\/wp-json\/wp\/v2\/posts"}],"about":[{"href":"http:\/\/desarrollo.grupomedios.com\/futbol\/wp-json\/wp\/v2\/types\/post"}],"author":[{"embeddable":true,"href":"http:\/\/desarrollo.grupomedios.com\/futbol\/wp-json\/wp\/v2\/users\/160"}],"replies":[{"embeddable":true,"href":"http:\/\/desarrollo.grupomedios.com\/futbol\/wp-json\/wp\/v2\/comments?post=508935"}],"version-history":[{"count":3,"href":"http:\/\/desarrollo.grupomedios.com\/futbol\/wp-json\/wp\/v2\/posts\/508935\/revisions"}],"predecessor-version":[{"id":508966,"href":"http:\/\/desarrollo.grupomedios.com\/futbol\/wp-json\/wp\/v2\/posts\/508935\/revisions\/508966"}],"wp:featuredmedia":[{"embeddable":true,"href":"http:\/\/desarrollo.grupomedios.com\/futbol\/wp-json\/wp\/v2\/media\/508936"}],"wp:attachment":[{"href":"http:\/\/desarrollo.grupomedios.com\/futbol\/wp-json\/wp\/v2\/media?parent=508935"}],"wp:term":[{"taxonomy":"category","embeddable":true,"href":"http:\/\/desarrollo.grupomedios.com\/futbol\/wp-json\/wp\/v2\/categories?post=508935"},{"taxonomy":"post_tag","embeddable":true,"href":"http:\/\/desarrollo.grupomedios.com\/futbol\/wp-json\/wp\/v2\/tags?post=508935"}],"curies":[{"name":"wp","href":"https:\/\/api.w.org\/{rel}","templated":true}]}}