{"id":508953,"date":"2017-11-10T17:04:28","date_gmt":"2017-11-10T23:04:28","guid":{"rendered":"https:\/\/www.futboltotal.com.mx\/?p=508953"},"modified":"2017-11-10T17:04:28","modified_gmt":"2017-11-10T23:04:28","slug":"anotar-tres-goles-ganar-esta-bien-osorio","status":"publish","type":"post","link":"http:\/\/desarrollo.grupomedios.com\/futbol\/futbol-mexicano\/anotar-tres-goles-ganar-esta-bien-osorio\/2017\/11","title":{"rendered":"Anotar tres goles y no ganar no est\u00e1 bien: Osorio"},"content":{"rendered":"<p><strong>POR: EFE<\/strong><\/p>\n<p><span id=\"ctl14_lblMostra\">El seleccionador de <strong>M\u00e9xico<\/strong>, el colombiano<strong> Juan Carlos Osorio,<\/strong> celebr\u00f3 hoy el empate contra <strong>B\u00e9lgica<\/strong> (3-3) en Bruselas, en un encuentro que el &#8220;Tri&#8221; jug\u00f3 &#8220;de igual a igual&#8221; contra una gran selecci\u00f3n, pero lament\u00f3 que a\u00fan haciendo tres goles como visitantes los mexicanos no pudieran llevarse la victoria.<\/p>\n<p>&#8220;Planteamos un partido de igual a igual (&#8230;). Por momentos controlamos el juego (&#8230;) contra un rival no solamente muy bien &#8216;rankeado&#8217; (puesto 5 en el <strong>r\u00e1nking FIFA<\/strong>) sino como un f\u00fatbol muy atractivo, con aun propuesta muy agresiva y, a mi modo de ver el f\u00fatbol, envidiable&#8221;, dijo el t\u00e9cnico de nacionalidad colombiana.<\/p>\n<p>Osorio coment\u00f3 en rueda de prensa que si el partido amistoso se analiza &#8220;desde el punto de visa subjetivo fue una muy buena presentaci\u00f3n del f\u00fatbol mexicano&#8221;.<\/span><\/p>\n<p style=\"text-align: center;\"><span id=\"ctl14_lblMostra\"><span style=\"color: #333399;\"><a href=\"https:\/\/www.futboltotal.com.mx\/destacado-home\/belgica-3-mexico-3-partido-amistoso-2017-resumen\/2017\/11\">VER M\u00c1S: <span class=\"item-title\">M\u00e9xico empata con B\u00e9lgica gracias a Chucky Lozano <\/span><\/a><\/span><\/span><\/p>\n<p style=\"text-align: left;\"><span id=\"ctl14_lblMostra\"><span style=\"color: #333399;\"><\/span>&#8220;Ahora, objetivamente, hacer 3 goles de visitante y no ganar el juego invita a la reflexi\u00f3n. Tenemos que mejorar&#8221; tanto en la eficiencia como controlando el partido cuando el resultado es favorable, dijo el mexicano.<\/p>\n<p>El t\u00e9cnico colombiano agreg\u00f3 que &#8220;es a trav\u00e9s de la competencia que los jugadores se consolidan y aprenden, o aprendemos todos, a tener esa resiliencia necesaria para competir a este nivel y superar la adversidad&#8221;.<\/p>\n<p>Y avis\u00f3 de que uno de los puntos a mejorar para la escuadra azteca es &#8220;defender mejor los centros&#8221;.<\/p>\n<p>El t\u00e9cnico mexicano celebr\u00f3 tambi\u00e9n que su escuadra acertara a &#8220;controlar, no solamente el juego sino tambi\u00e9n la parte emocional para pensar que pod\u00edamos empatar sin irnos todos a por el gol&#8221;.<\/span><\/p>\n<p style=\"text-align: center;\"><span id=\"ctl14_lblMostra\"><span style=\"color: #333399;\"><a href=\"http:\/\/M\u00e9xico vs B\u00e9lgica | Partido Amistoso 2017 | EN VIVO: minuto a minuto\">VER M\u00c1S: AS\u00cd SE VIVI\u00d3 EL B\u00c9LGICA 3-3 M\u00c9XICO<\/a><\/span><\/span><\/p>\n<p style=\"text-align: left;\"><span id=\"ctl14_lblMostra\"><span style=\"color: #333399;\"><\/span>Osorio dijo no tener a\u00fan informaci\u00f3n m\u00e9dica sobre los dos jugadores mexicanos que tuvieron que ser sustituidos por lesi\u00f3n, Javier &#8220;Chicharito&#8221; Hern\u00e1ndez y Edson \u00c1lvarez.<\/p>\n<p>De cara al pr\u00f3ximo amistoso que M\u00e9xico disputar\u00e1 el pr\u00f3ximo lunes en Gdansk contra Polonia, que suele jugar con un 4-4-4, Osorio dijo estar barruntando otro dibujo t\u00e1ctico.<\/p>\n<p>&#8220;Miramos la posibilidad de jugar con una defensa impar&#8221;, adelant\u00f3 Osorio, que tambi\u00e9n intentar\u00e1 &#8220;darle la oportunidad a otros, que tienen muchos deseos de contribuir. Estamos pensando si cambiamos de estructura o no&#8221;, concluy\u00f3. <\/span><\/p>\n","protected":false},"excerpt":{"rendered":"<p>El t\u00e9cnico colombiano asegur\u00f3 que se tiene que reflexionar sobre la defensa<\/p>\n","protected":false},"author":160,"featured_media":508959,"comment_status":"closed","ping_status":"closed","sticky":false,"template":"","format":"standard","meta":[],"categories":[2198,3845,3847],"tags":[599,6196,65],"_links":{"self":[{"href":"http:\/\/desarrollo.grupomedios.com\/futbol\/wp-json\/wp\/v2\/posts\/508953"}],"collection":[{"href":"http:\/\/desarrollo.grupomedios.com\/futbol\/wp-json\/wp\/v2\/posts"}],"about":[{"href":"http:\/\/desarrollo.grupomedios.com\/futbol\/wp-json\/wp\/v2\/types\/post"}],"author":[{"embeddable":true,"href":"http:\/\/desarrollo.grupomedios.com\/futbol\/wp-json\/wp\/v2\/users\/160"}],"replies":[{"embeddable":true,"href":"http:\/\/desarrollo.grupomedios.com\/futbol\/wp-json\/wp\/v2\/comments?post=508953"}],"version-history":[{"count":1,"href":"http:\/\/desarrollo.grupomedios.com\/futbol\/wp-json\/wp\/v2\/posts\/508953\/revisions"}],"predecessor-version":[{"id":508960,"href":"http:\/\/desarrollo.grupomedios.com\/futbol\/wp-json\/wp\/v2\/posts\/508953\/revisions\/508960"}],"wp:featuredmedia":[{"embeddable":true,"href":"http:\/\/desarrollo.grupomedios.com\/futbol\/wp-json\/wp\/v2\/media\/508959"}],"wp:attachment":[{"href":"http:\/\/desarrollo.grupomedios.com\/futbol\/wp-json\/wp\/v2\/media?parent=508953"}],"wp:term":[{"taxonomy":"category","embeddable":true,"href":"http:\/\/desarrollo.grupomedios.com\/futbol\/wp-json\/wp\/v2\/categories?post=508953"},{"taxonomy":"post_tag","embeddable":true,"href":"http:\/\/desarrollo.grupomedios.com\/futbol\/wp-json\/wp\/v2\/tags?post=508953"}],"curies":[{"name":"wp","href":"https:\/\/api.w.org\/{rel}","templated":true}]}}