{"id":508998,"date":"2017-11-11T12:00:17","date_gmt":"2017-11-11T18:00:17","guid":{"rendered":"https:\/\/www.futboltotal.com.mx\/?p=508998"},"modified":"2017-11-11T12:00:17","modified_gmt":"2017-11-11T18:00:17","slug":"atletico-madrid-desea-fichar-a-dries-mertens","status":"publish","type":"post","link":"http:\/\/desarrollo.grupomedios.com\/futbol\/futbol-internacional\/atletico-madrid-desea-fichar-a-dries-mertens\/2017\/11","title":{"rendered":"Atl\u00e9tico de Madrid desea fichar a Dries Mertens"},"content":{"rendered":"<p><strong>POR: STAFF FT<\/strong><\/p>\n<p>El <strong>Atl\u00e9tico de Madrid<\/strong> no la est\u00e1 pasando muy bien en la actual temporada, pr\u00e1cticamente est\u00e1n eliminados de la\u00a0<strong>Champions League<\/strong> y en la <strong>Liga<\/strong> est\u00e1n lejos de pelear por los primeros puestos, por lo que ya estar\u00edan pensando en como apuntalar su plantilla para el siguiente torneo, sobre todo pensando en crear un proyecto que logre ponerse de nueva cuenta en los primeros planos.<\/p>\n<p>El gran reto que tiene el estratega <strong>Diego Simeone<\/strong> es lograr levantar la <strong>Orejona<\/strong> y de acuerdo a Diario AS estar\u00edan dispuestos a dar un golpe de autoridad en el mercado de fichajes para demostrar que no van a escatimar en refuerzos para engrosar la plantilla y los primeros rumores ya han salido a la luz.<\/p>\n<p style=\"text-align: center;\"><a href=\"https:\/\/www.futboltotal.com.mx\/futbol-internacional\/liga-de-espana\/fc-barcelona-rechazo-fichar-a-aubameyang\/2017\/11\" target=\"_blank\" rel=\"noopener\">VER M\u00c1S: FC Barcelona rechaz\u00f3 el fichaje de Aubameyang<\/a><\/p>\n<p>Los<strong> Colchoneros<\/strong> est\u00e1n siguiendo de cerca los pasos del futbolistas belga,\u00a0<strong>\u00a0Dries Mertens<\/strong>, atacante de 30 a\u00f1os que se ha convertido en una de las estrellas del <strong>Napoli<\/strong> en la<strong> Serie A<\/strong>, apenas en primavera renov\u00f3 su contrato, sin embargo garantiz\u00f3 una v\u00eda de escape por si llegaba una buena oferta. En la actual temporada, el delantero suma 12 goles.<\/p>\n<p>Llegar\u00eda como recambio de un compatriota, pues de acuerdo con la publicaci\u00f3n, el belga\u00a0<strong>Yannick Ferreira Carrasco<\/strong> ha sido de los m\u00e1s cuestionados por su bajo nivel, aunque juega de extremo o media punta, podr\u00eda funcionar como una moneda de cambio que facilitar\u00eda el fichaje. Esto aunado a las posibles bajas de<strong> Antoine Griezmann<\/strong> y <strong>Fernando Torres<\/strong> quienes se marchar\u00edan del club.<\/p>\n<p style=\"text-align: center;\"><a href=\"https:\/\/www.futboltotal.com.mx\/futbol-internacional\/rusia-0-argentina-1-partido-amistoso-2017-resumen\/2017\/11\" target=\"_blank\" rel=\"noopener\">VER M\u00c1S: Argentina sufre demasiado para vencer a Rusia<\/a><\/p>\n","protected":false},"excerpt":{"rendered":"<p>El belga ha demostrado que es un delantero de garant\u00edas<\/p>\n","protected":false},"author":159,"featured_media":509002,"comment_status":"closed","ping_status":"closed","sticky":false,"template":"","format":"standard","meta":[],"categories":[3839,3844],"tags":[6007,10316,1913,160,5958],"_links":{"self":[{"href":"http:\/\/desarrollo.grupomedios.com\/futbol\/wp-json\/wp\/v2\/posts\/508998"}],"collection":[{"href":"http:\/\/desarrollo.grupomedios.com\/futbol\/wp-json\/wp\/v2\/posts"}],"about":[{"href":"http:\/\/desarrollo.grupomedios.com\/futbol\/wp-json\/wp\/v2\/types\/post"}],"author":[{"embeddable":true,"href":"http:\/\/desarrollo.grupomedios.com\/futbol\/wp-json\/wp\/v2\/users\/159"}],"replies":[{"embeddable":true,"href":"http:\/\/desarrollo.grupomedios.com\/futbol\/wp-json\/wp\/v2\/comments?post=508998"}],"version-history":[{"count":1,"href":"http:\/\/desarrollo.grupomedios.com\/futbol\/wp-json\/wp\/v2\/posts\/508998\/revisions"}],"predecessor-version":[{"id":509003,"href":"http:\/\/desarrollo.grupomedios.com\/futbol\/wp-json\/wp\/v2\/posts\/508998\/revisions\/509003"}],"wp:featuredmedia":[{"embeddable":true,"href":"http:\/\/desarrollo.grupomedios.com\/futbol\/wp-json\/wp\/v2\/media\/509002"}],"wp:attachment":[{"href":"http:\/\/desarrollo.grupomedios.com\/futbol\/wp-json\/wp\/v2\/media?parent=508998"}],"wp:term":[{"taxonomy":"category","embeddable":true,"href":"http:\/\/desarrollo.grupomedios.com\/futbol\/wp-json\/wp\/v2\/categories?post=508998"},{"taxonomy":"post_tag","embeddable":true,"href":"http:\/\/desarrollo.grupomedios.com\/futbol\/wp-json\/wp\/v2\/tags?post=508998"}],"curies":[{"name":"wp","href":"https:\/\/api.w.org\/{rel}","templated":true}]}}