{"id":509005,"date":"2017-11-11T12:29:35","date_gmt":"2017-11-11T18:29:35","guid":{"rendered":"https:\/\/www.futboltotal.com.mx\/?p=509005"},"modified":"2017-11-11T12:29:35","modified_gmt":"2017-11-11T18:29:35","slug":"mexico-enfrentara-a-polonia-cuatro-bajas","status":"publish","type":"post","link":"http:\/\/desarrollo.grupomedios.com\/futbol\/destacado-home\/mexico-enfrentara-a-polonia-cuatro-bajas\/2017\/11","title":{"rendered":"M\u00e9xico enfrentar\u00e1 a Polonia con cuatro bajas"},"content":{"rendered":"<p>POR: STAFF FT<\/p>\n<p>El duelo contra <strong>B\u00e9lgica<\/strong> le habr\u00eda salido algo costoso a la <strong>Selecci\u00f3n Mexicana<\/strong> pues perder\u00e1 a cuatro elementos para el duelo del pr\u00f3ximo lunes antes su similar de <strong>Polonia<\/strong> y los cuatro ser\u00edan por cuestiones de lesi\u00f3n, lo que tendr\u00e1 que poner a trabajar de m\u00e1s al estratega colombiano,<strong> Juan Carlos Osorio<\/strong> para poner su once inicial en el encuentro de preparaci\u00f3n con miras a <strong>Rusia 2018<\/strong>.<\/p>\n<p>Los dos rimeros se tratan de <strong>Javier &#8216;Chicharito&#8217; Hern\u00e1ndez<\/strong> y <strong>Edson \u00c1lvarez<\/strong>, ambos salieron por lesi\u00f3n en el encuentro ante B\u00e9lgica, por lo que el delantero del <strong>West Ham<\/strong> y el defensa de <strong>Am\u00e9rica<\/strong> estar\u00edan descartados para enfrentar a Polonia y se marchar\u00edan de regreso con sus clubes.<\/p>\n<p style=\"text-align: center;\"><a href=\"https:\/\/www.futboltotal.com.mx\/futbol-mexicano\/liga-mx\/erick-gutierrez-victor-guzman-en-la-mira-del-celta-psv\/2017\/11\" target=\"_blank\" rel=\"noopener\">VER M\u00c1S: Dos mexicanos est\u00e1n en la mira del PSV y Celta<\/a><\/p>\n<p>Por otro lado, el jugador del <strong>Porto,<\/strong> <strong>H\u00e9ctor Herrera<\/strong> y el mediocampista del <strong>LA Galaxy, Giovani Dos Santos<\/strong>, se habr\u00edan resentido de algunas molestias que ven\u00edan acarreando y de igual forma se perder\u00edan lo que resta de la Fecha FIFA con el segundo amistoso disputado en\u00a0Gdansk. Estas bajas se sumar\u00edan a la de <strong>Jes\u00fas &#8216;Tecatito&#8217; Corona<\/strong>, quien por problemas personales tuvo que abandonar la concentraci\u00f3n.<\/p>\n<p>Aunque falta el parte medico y alguna informaci\u00f3n oficial, varios medios de comunicaci\u00f3n nacionales han manejado esta informaci\u00f3n, por lo que Osorio deber\u00e1 replantearse su once inicial ante Polonia que no contar\u00e1 con su gran estrella, <strong>Robert Lewandowski.<\/strong><\/p>\n<p style=\"text-align: center;\"><a href=\"https:\/\/www.futboltotal.com.mx\/futbol-internacional\/liga-de-espana\/fc-barcelona-rechazo-fichar-a-aubameyang\/2017\/11\" target=\"_blank\" rel=\"noopener\">VER M\u00c1S: FC Barcelona desech\u00f3 el fichaje de Aubameyang<\/a><\/p>\n","protected":false},"excerpt":{"rendered":"<p>El Tri se ver\u00e1 mermado en el duelo ante los polacos<\/p>\n","protected":false},"author":159,"featured_media":509006,"comment_status":"closed","ping_status":"closed","sticky":false,"template":"","format":"standard","meta":[],"categories":[5,2198,3847],"tags":[120,5985,7939,2763,5982,5995,65,1296,409],"_links":{"self":[{"href":"http:\/\/desarrollo.grupomedios.com\/futbol\/wp-json\/wp\/v2\/posts\/509005"}],"collection":[{"href":"http:\/\/desarrollo.grupomedios.com\/futbol\/wp-json\/wp\/v2\/posts"}],"about":[{"href":"http:\/\/desarrollo.grupomedios.com\/futbol\/wp-json\/wp\/v2\/types\/post"}],"author":[{"embeddable":true,"href":"http:\/\/desarrollo.grupomedios.com\/futbol\/wp-json\/wp\/v2\/users\/159"}],"replies":[{"embeddable":true,"href":"http:\/\/desarrollo.grupomedios.com\/futbol\/wp-json\/wp\/v2\/comments?post=509005"}],"version-history":[{"count":1,"href":"http:\/\/desarrollo.grupomedios.com\/futbol\/wp-json\/wp\/v2\/posts\/509005\/revisions"}],"predecessor-version":[{"id":509007,"href":"http:\/\/desarrollo.grupomedios.com\/futbol\/wp-json\/wp\/v2\/posts\/509005\/revisions\/509007"}],"wp:featuredmedia":[{"embeddable":true,"href":"http:\/\/desarrollo.grupomedios.com\/futbol\/wp-json\/wp\/v2\/media\/509006"}],"wp:attachment":[{"href":"http:\/\/desarrollo.grupomedios.com\/futbol\/wp-json\/wp\/v2\/media?parent=509005"}],"wp:term":[{"taxonomy":"category","embeddable":true,"href":"http:\/\/desarrollo.grupomedios.com\/futbol\/wp-json\/wp\/v2\/categories?post=509005"},{"taxonomy":"post_tag","embeddable":true,"href":"http:\/\/desarrollo.grupomedios.com\/futbol\/wp-json\/wp\/v2\/tags?post=509005"}],"curies":[{"name":"wp","href":"https:\/\/api.w.org\/{rel}","templated":true}]}}