{"id":509026,"date":"2017-11-11T15:31:13","date_gmt":"2017-11-11T21:31:13","guid":{"rendered":"https:\/\/www.futboltotal.com.mx\/?p=509026"},"modified":"2017-11-11T15:31:13","modified_gmt":"2017-11-11T21:31:13","slug":"listos-los-ocho-invitados-a-la-liguilla-del-ascenso-mx","status":"publish","type":"post","link":"http:\/\/desarrollo.grupomedios.com\/futbol\/futbol-mexicano\/listos-los-ocho-invitados-a-la-liguilla-del-ascenso-mx\/2017\/11","title":{"rendered":"Listos los ocho invitados a la liguilla del Ascenso MX"},"content":{"rendered":"<p>El <strong>Ascenso MX<\/strong> ya tiene a los ocho equipos que disputar\u00e1n la liguilla del <strong>Torneo Apertura 2017<\/strong>.<\/p>\n<p>Si bien, no han quedado definidos c\u00f3mo ser\u00e1n los cruces, debido a que <strong>la \u00faltima jornada todav\u00eda no ha terminado<\/strong>, ya se sabe qui\u00e9nes son los ocho que disputar\u00e1n el trofeo.<\/p>\n<p><strong>Mineros, Zacatepec, FC Ju\u00e1rez, Celaya, Correcaminos, Alebrijes, Tampico Madero y M\u00e9rida<\/strong> son las ocho franquicias que se han metido a la &#8216;Fiesta Grande&#8217;.<\/p>\n<p style=\"text-align: center;\"><span style=\"color: #333399;\"><a href=\"https:\/\/www.futboltotal.com.mx\/futbol-mexicano\/julio-zamora-ex-cruz-azul-delicado-tras-sufrir-dos-infartos\/2017\/11\">VER M\u00c1S:\u00a0<span class=\"item-title\">Julio Zamora, ex Cruz Azul delicado tras sufrir dos infartos<\/span><\/a><\/span><\/p>\n<p>Con los resultados de este s\u00e1bado, se podr\u00e1 definir cu\u00e1les ser\u00e1n los juegos de <strong>cuartos de final<\/strong> y el superl\u00edder del Apertura 2017.<\/p>\n","protected":false},"excerpt":{"rendered":"<p>S\u00f3lo falta definir los lugares en que se enfrentar\u00e1n los clubes<\/p>\n","protected":false},"author":160,"featured_media":509027,"comment_status":"closed","ping_status":"closed","sticky":false,"template":"","format":"standard","meta":[],"categories":[3843,2198,3845],"tags":[4191,8357,432,2502,61,6558,344,613,7076,1588],"_links":{"self":[{"href":"http:\/\/desarrollo.grupomedios.com\/futbol\/wp-json\/wp\/v2\/posts\/509026"}],"collection":[{"href":"http:\/\/desarrollo.grupomedios.com\/futbol\/wp-json\/wp\/v2\/posts"}],"about":[{"href":"http:\/\/desarrollo.grupomedios.com\/futbol\/wp-json\/wp\/v2\/types\/post"}],"author":[{"embeddable":true,"href":"http:\/\/desarrollo.grupomedios.com\/futbol\/wp-json\/wp\/v2\/users\/160"}],"replies":[{"embeddable":true,"href":"http:\/\/desarrollo.grupomedios.com\/futbol\/wp-json\/wp\/v2\/comments?post=509026"}],"version-history":[{"count":1,"href":"http:\/\/desarrollo.grupomedios.com\/futbol\/wp-json\/wp\/v2\/posts\/509026\/revisions"}],"predecessor-version":[{"id":509028,"href":"http:\/\/desarrollo.grupomedios.com\/futbol\/wp-json\/wp\/v2\/posts\/509026\/revisions\/509028"}],"wp:featuredmedia":[{"embeddable":true,"href":"http:\/\/desarrollo.grupomedios.com\/futbol\/wp-json\/wp\/v2\/media\/509027"}],"wp:attachment":[{"href":"http:\/\/desarrollo.grupomedios.com\/futbol\/wp-json\/wp\/v2\/media?parent=509026"}],"wp:term":[{"taxonomy":"category","embeddable":true,"href":"http:\/\/desarrollo.grupomedios.com\/futbol\/wp-json\/wp\/v2\/categories?post=509026"},{"taxonomy":"post_tag","embeddable":true,"href":"http:\/\/desarrollo.grupomedios.com\/futbol\/wp-json\/wp\/v2\/tags?post=509026"}],"curies":[{"name":"wp","href":"https:\/\/api.w.org\/{rel}","templated":true}]}}