{"id":509045,"date":"2017-11-11T17:46:27","date_gmt":"2017-11-11T23:46:27","guid":{"rendered":"https:\/\/www.futboltotal.com.mx\/?p=509045"},"modified":"2017-11-11T17:46:27","modified_gmt":"2017-11-11T23:46:27","slug":"diego-reyes-se-defiende-acusacion-evasion-fiscal","status":"publish","type":"post","link":"http:\/\/desarrollo.grupomedios.com\/futbol\/destacado-home\/diego-reyes-se-defiende-acusacion-evasion-fiscal\/2017\/11","title":{"rendered":"Diego Reyes se defiende de acusaci\u00f3n por evasi\u00f3n fiscal"},"content":{"rendered":"<p>El futbolista mexicano <strong>Diego Reyes<\/strong> se defiende sobre la acusaci\u00f3n que existe en su contra por evasi\u00f3n fiscal aparecida en la investigaci\u00f3n llamada <strong>Paradise Papers<\/strong>.<\/p>\n<p>El defensa del Porto es uno de los dos mexicanos implicados en dicha investigaci\u00f3n, por algunas empresas constituidas en el para\u00edso fiscal de <strong>Malta<\/strong>.<\/p>\n<p>Un comunicado de la agencia <em>Zimat<\/em>, a nombre de Diego Reyes, afirm\u00f3 que &#8220;Reyes tiene su situaci\u00f3n fiscal en orden al cumplir con todas sus obligaciones en tiempo y forma&#8221;.<\/p>\n<p style=\"text-align: center;\"><span style=\"color: #333399;\"><a href=\"https:\/\/www.futboltotal.com.mx\/destacado-home\/hector-herrera-diego-reyes-acusados-en-paradise-papers\/2017\/11\">VER M\u00c1S:\u00a0<span class=\"item-title\">H\u00e9ctor Herrera y Diego Reyes, acusados en el \u2018Paradise Papers\u2019<\/span><\/a><\/span><\/p>\n<p>Adem\u00e1s, el comunicado agrega que &#8220;en <strong>Espa\u00f1a<\/strong> se han pagado impuestos al 48% y en <strong>Portugal<\/strong> al 53%. Al igual que se ha pagado cuestiones como derecho de imagen generado por sus sociedades&#8221;.<\/p>\n<p>Eso si, Diego Reyes no aclar\u00f3 si existen las empresas &#8220;<em>Nemo Limited<\/em>&#8221; y &#8220;<em>Pel\u00f3n investments limited<\/em>&#8220;.<\/p>\n","protected":false},"excerpt":{"rendered":"<p>El defensa mexicano no se\u00f1al\u00f3 si existen o no dichas empresas<\/p>\n","protected":false},"author":160,"featured_media":509046,"comment_status":"closed","ping_status":"closed","sticky":false,"template":"","format":"standard","meta":[],"categories":[5,3839,7709,3847],"tags":[6006,11145,5995,11062,1208],"_links":{"self":[{"href":"http:\/\/desarrollo.grupomedios.com\/futbol\/wp-json\/wp\/v2\/posts\/509045"}],"collection":[{"href":"http:\/\/desarrollo.grupomedios.com\/futbol\/wp-json\/wp\/v2\/posts"}],"about":[{"href":"http:\/\/desarrollo.grupomedios.com\/futbol\/wp-json\/wp\/v2\/types\/post"}],"author":[{"embeddable":true,"href":"http:\/\/desarrollo.grupomedios.com\/futbol\/wp-json\/wp\/v2\/users\/160"}],"replies":[{"embeddable":true,"href":"http:\/\/desarrollo.grupomedios.com\/futbol\/wp-json\/wp\/v2\/comments?post=509045"}],"version-history":[{"count":1,"href":"http:\/\/desarrollo.grupomedios.com\/futbol\/wp-json\/wp\/v2\/posts\/509045\/revisions"}],"predecessor-version":[{"id":509047,"href":"http:\/\/desarrollo.grupomedios.com\/futbol\/wp-json\/wp\/v2\/posts\/509045\/revisions\/509047"}],"wp:featuredmedia":[{"embeddable":true,"href":"http:\/\/desarrollo.grupomedios.com\/futbol\/wp-json\/wp\/v2\/media\/509046"}],"wp:attachment":[{"href":"http:\/\/desarrollo.grupomedios.com\/futbol\/wp-json\/wp\/v2\/media?parent=509045"}],"wp:term":[{"taxonomy":"category","embeddable":true,"href":"http:\/\/desarrollo.grupomedios.com\/futbol\/wp-json\/wp\/v2\/categories?post=509045"},{"taxonomy":"post_tag","embeddable":true,"href":"http:\/\/desarrollo.grupomedios.com\/futbol\/wp-json\/wp\/v2\/tags?post=509045"}],"curies":[{"name":"wp","href":"https:\/\/api.w.org\/{rel}","templated":true}]}}